{"id":11954,"date":"2026-03-04T11:09:52","date_gmt":"2026-03-04T10:09:52","guid":{"rendered":"https:\/\/universvoyage.com\/?p=11954"},"modified":"2026-03-04T12:17:31","modified_gmt":"2026-03-04T11:17:31","slug":"the-new-season-of-monte-carlos-spring-of-the-arts","status":"publish","type":"post","link":"https:\/\/universvoyage.com\/en\/nouvelle-saison-du-printemps-des-arts-de-monte-carlo\/","title":{"rendered":"The new season of Printemps des Arts de Monte-Carlo"},"content":{"rendered":"<p><strong>Every year in Monaco, the Printemps des Arts festival transforms the Principality into one big musical stage. For this year's edition, entitled Utopies-opus1 and running from 11 March to 19 April, the festival has chosen a simple, unifying theme: the instrument. Behind this word lies a powerful idea: to highlight those who bring music to life, and the fascinating \u00abtools\u00bb that make it possible. Bruno Mantovani, Artistic Director of the festival, insists: \u00ab <em>This is a festival where the heroes are not the performers but the works of art<\/em> \".<\/strong><br><\/p><div id=\"ez-toc-container\" class=\"ez-toc-v2_0_82_2 counter-hierarchy ez-toc-counter ez-toc-white ez-toc-container-direction\">\n<div class=\"ez-toc-title-container\">\n<p class=\"ez-toc-title\" style=\"cursor:inherit\">Table of Contents<\/p>\n<span class=\"ez-toc-title-toggle\"><\/span><\/div>\n<nav><ul class='ez-toc-list ez-toc-list-level-1' ><li class='ez-toc-page-1 ez-toc-heading-level-2'><a class=\"ez-toc-link ez-toc-heading-1\" href=\"https:\/\/universvoyage.com\/en\/nouvelle-saison-du-printemps-des-arts-de-monte-carlo\/#Des_grands_classiques_aux_creations_daujourdhui\" >From the great classics to today's creations<\/a><\/li><li class='ez-toc-page-1 ez-toc-heading-level-2'><a class=\"ez-toc-link ez-toc-heading-2\" href=\"https:\/\/universvoyage.com\/en\/nouvelle-saison-du-printemps-des-arts-de-monte-carlo\/#La_voix_instrument_universel\" >The voice, a universal instrument<\/a><\/li><li class='ez-toc-page-1 ez-toc-heading-level-2'><a class=\"ez-toc-link ez-toc-heading-3\" href=\"https:\/\/universvoyage.com\/en\/nouvelle-saison-du-printemps-des-arts-de-monte-carlo\/#Un_festival_pour_tous\" >A festival for everyone<\/a><\/li><\/ul><\/nav><\/div>\n\n\n\n<div class=\"wp-block-image\">\n<figure class=\"aligncenter size-full\"><img loading=\"lazy\" decoding=\"async\" width=\"1024\" height=\"683\" src=\"https:\/\/universvoyage.com\/wp-content\/uploads\/2026\/03\/Bruno-Mantovani-et-Claudine-Simon-c-Alice-Blangero_-1K-JPEG.jpg\" alt=\"Monte-Carlo. Printemps des Arts. Bruno Montovani and Claudine Simon.\" class=\"wp-image-11961\" srcset=\"https:\/\/universvoyage.com\/wp-content\/uploads\/2026\/03\/Bruno-Mantovani-et-Claudine-Simon-c-Alice-Blangero_-1K-JPEG.jpg 1024w, https:\/\/universvoyage.com\/wp-content\/uploads\/2026\/03\/Bruno-Mantovani-et-Claudine-Simon-c-Alice-Blangero_-1K-JPEG-300x200.jpg 300w, https:\/\/universvoyage.com\/wp-content\/uploads\/2026\/03\/Bruno-Mantovani-et-Claudine-Simon-c-Alice-Blangero_-1K-JPEG-768x512.jpg 768w, https:\/\/universvoyage.com\/wp-content\/uploads\/2026\/03\/Bruno-Mantovani-et-Claudine-Simon-c-Alice-Blangero_-1K-JPEG-18x12.jpg 18w, https:\/\/universvoyage.com\/wp-content\/uploads\/2026\/03\/Bruno-Mantovani-et-Claudine-Simon-c-Alice-Blangero_-1K-JPEG-600x400.jpg 600w, https:\/\/universvoyage.com\/wp-content\/uploads\/2026\/03\/Bruno-Mantovani-et-Claudine-Simon-c-Alice-Blangero_-1K-JPEG-36x24.jpg 36w\" sizes=\"auto, (max-width: 1024px) 100vw, 1024px\" \/><figcaption class=\"wp-element-caption\"><em>Monte-Carlo. Printemps des Arts. Bruno Montovani and Claudine Simon \u00a9 Alice Blangero.<\/em><\/figcaption><\/figure>\n<\/div>\n\n\n<p>From the violin to the piano, from the saxophone to the accordion, from percussion to the voice, the festival takes you on a journey of sound through the ages. Because an instrument isn't just an object: it's a story. Today's piano has little in common with the one used by Ludwig van Beethoven. Wind instruments have become more powerful, percussion instruments have taken over contemporary music, and even strings now come in a variety of ancient traditions and modern versions.<br><\/p>\n\n\n\n<h2 class=\"wp-block-heading\" id=\"h-des-grands-classiques-aux-creations-d-aujourd-hui-0\"><span class=\"ez-toc-section\" id=\"Des_grands_classiques_aux_creations_daujourdhui\"><\/span>From the great classics to today's creations<span class=\"ez-toc-section-end\"><\/span><\/h2>\n\n\n<div class=\"wp-block-image\">\n<figure class=\"aligncenter size-full\"><img loading=\"lazy\" decoding=\"async\" width=\"1024\" height=\"683\" src=\"https:\/\/universvoyage.com\/wp-content\/uploads\/2026\/03\/Noe-Clerc-c-Alice-Blangero_-1K-JPEG.jpg\" alt=\"Monte-Carlo. Printemps des Arts. No\u00e9 Clerc on accordion. Alice Blangero.\" class=\"wp-image-11958\" srcset=\"https:\/\/universvoyage.com\/wp-content\/uploads\/2026\/03\/Noe-Clerc-c-Alice-Blangero_-1K-JPEG.jpg 1024w, https:\/\/universvoyage.com\/wp-content\/uploads\/2026\/03\/Noe-Clerc-c-Alice-Blangero_-1K-JPEG-300x200.jpg 300w, https:\/\/universvoyage.com\/wp-content\/uploads\/2026\/03\/Noe-Clerc-c-Alice-Blangero_-1K-JPEG-768x512.jpg 768w, https:\/\/universvoyage.com\/wp-content\/uploads\/2026\/03\/Noe-Clerc-c-Alice-Blangero_-1K-JPEG-18x12.jpg 18w, https:\/\/universvoyage.com\/wp-content\/uploads\/2026\/03\/Noe-Clerc-c-Alice-Blangero_-1K-JPEG-600x400.jpg 600w, https:\/\/universvoyage.com\/wp-content\/uploads\/2026\/03\/Noe-Clerc-c-Alice-Blangero_-1K-JPEG-36x24.jpg 36w\" sizes=\"auto, (max-width: 1024px) 100vw, 1024px\" \/><figcaption class=\"wp-element-caption\"><em>Monte-Carlo. Printemps des Arts. No\u00e9 Clerc on accordion. \u00a9<\/em> <em>Alice Blangero.<\/em><\/figcaption><\/figure>\n<\/div>\n\n\n<p>The programme brings together the centuries. Fans of classical music will find works by Wolfgang Amadeus Mozart, Bach and Antonio Vivaldi. Fans of Romanticism will come across Hector Berlioz, while the 20th century will shine through with Olivier Messiaen and Pierre Boulez.<br>But Printemps des Arts is not content to simply revisit the repertoire: it also gives pride of place to new works. New works will be presented, notably by composer-saxophonist Vincent David, who will be playing amidst the car collection of HSH the Prince of Monaco.<\/p>\n\n\n\n<h2 class=\"wp-block-heading\" id=\"h-la-voix-instrument-universel\"><span class=\"ez-toc-section\" id=\"La_voix_instrument_universel\"><\/span>The voice, a universal instrument<span class=\"ez-toc-section-end\"><\/span><\/h2>\n\n\n<div class=\"wp-block-image\">\n<figure class=\"aligncenter size-full\"><img loading=\"lazy\" decoding=\"async\" width=\"1024\" height=\"681\" src=\"https:\/\/universvoyage.com\/wp-content\/uploads\/2026\/03\/Finzi-Graciane\u00a9Jean-Baptiste-Millot-HD-1K-JPEG.jpg\" alt=\"Monte-Carlo. Printemps des Arts. Composer Graciane Finzi presents an original show, Odyss\u00e9e TransAntarctic \u00a9Jean-Baptiste Millot.\" class=\"wp-image-11965\" srcset=\"https:\/\/universvoyage.com\/wp-content\/uploads\/2026\/03\/Finzi-Graciane\u00a9Jean-Baptiste-Millot-HD-1K-JPEG.jpg 1024w, https:\/\/universvoyage.com\/wp-content\/uploads\/2026\/03\/Finzi-Graciane\u00a9Jean-Baptiste-Millot-HD-1K-JPEG-300x200.jpg 300w, https:\/\/universvoyage.com\/wp-content\/uploads\/2026\/03\/Finzi-Graciane\u00a9Jean-Baptiste-Millot-HD-1K-JPEG-768x511.jpg 768w, https:\/\/universvoyage.com\/wp-content\/uploads\/2026\/03\/Finzi-Graciane\u00a9Jean-Baptiste-Millot-HD-1K-JPEG-18x12.jpg 18w, https:\/\/universvoyage.com\/wp-content\/uploads\/2026\/03\/Finzi-Graciane\u00a9Jean-Baptiste-Millot-HD-1K-JPEG-600x399.jpg 600w, https:\/\/universvoyage.com\/wp-content\/uploads\/2026\/03\/Finzi-Graciane\u00a9Jean-Baptiste-Millot-HD-1K-JPEG-36x24.jpg 36w\" sizes=\"auto, (max-width: 1024px) 100vw, 1024px\" \/><figcaption class=\"wp-element-caption\"><em>Monte-Carlo. Printemps des Arts. Composer Graciane Finzi presents an original show, Odyss\u00e9e TransAntarctic \u00a9Jean-Baptiste Millot.<\/em><\/figcaption><\/figure>\n<\/div>\n\n\n<p>It's impossible to talk about instruments without mentioning the voice. It will be in the spotlight from the opening concert, where the ensemble <a href=\"https:\/\/www.lavenexiana.net\/\" type=\"link\" id=\"https:\/\/www.lavenexiana.net\/\">La Venexiana<\/a> will sing a selection of madrigals by <a href=\"https:\/\/fr.wikipedia.org\/wiki\/Claudio_Monteverdi\" type=\"link\" id=\"https:\/\/fr.wikipedia.org\/wiki\/Claudio_Monteverdi\">Claudio Monteverdi<\/a> (1567-1643) and <a href=\"https:\/\/fr.wikipedia.org\/wiki\/Carlo_Gesualdo\" type=\"link\" id=\"https:\/\/fr.wikipedia.org\/wiki\/Carlo_Gesualdo\">Carlo Gesualdo<\/a> (1566-1613). The festival will also feature an original video show, <em>TransAntarctic Odyssey<\/em>, designed by <a href=\"https:\/\/fr.wikipedia.org\/wiki\/Graciane_Finzi\" type=\"link\" id=\"https:\/\/fr.wikipedia.org\/wiki\/Graciane_Finzi\">Graciane Finzi<\/a>, The new exhibition is an invitation to follow the explorer's saga <a href=\"https:\/\/fr.wikipedia.org\/wiki\/Ernest_Shackleton\" type=\"link\" id=\"https:\/\/fr.wikipedia.org\/wiki\/Ernest_Shackleton\">Ernest Shackleton <\/a>(1874-1922) at the Monte Carlo Opera. Battles will also be organised between tenors and countertenors.<br>Another highlight: the organ will bring Monaco Cathedral to life under the fingers of Olivier Latry, a major figure in this spectacular instrument.<\/p>\n\n\n\n<h2 class=\"wp-block-heading\" id=\"h-un-festival-pour-tous\"><span class=\"ez-toc-section\" id=\"Un_festival_pour_tous\"><\/span>A festival for everyone<span class=\"ez-toc-section-end\"><\/span><\/h2>\n\n\n<div class=\"wp-block-image\">\n<figure class=\"aligncenter size-full\"><img loading=\"lazy\" decoding=\"async\" width=\"1024\" height=\"681\" src=\"https:\/\/universvoyage.com\/wp-content\/uploads\/2026\/03\/Karine-Lethiec-\u00a9Jean-Baptiste-Millot-1K-JPEG.jpg\" alt=\"Monte-Carlo. Printemps des Arts. Karine Lethiec, Altist and Artistic Director. Jean-Baptiste Millot.\" class=\"wp-image-11963\" srcset=\"https:\/\/universvoyage.com\/wp-content\/uploads\/2026\/03\/Karine-Lethiec-\u00a9Jean-Baptiste-Millot-1K-JPEG.jpg 1024w, https:\/\/universvoyage.com\/wp-content\/uploads\/2026\/03\/Karine-Lethiec-\u00a9Jean-Baptiste-Millot-1K-JPEG-300x200.jpg 300w, https:\/\/universvoyage.com\/wp-content\/uploads\/2026\/03\/Karine-Lethiec-\u00a9Jean-Baptiste-Millot-1K-JPEG-768x511.jpg 768w, https:\/\/universvoyage.com\/wp-content\/uploads\/2026\/03\/Karine-Lethiec-\u00a9Jean-Baptiste-Millot-1K-JPEG-18x12.jpg 18w, https:\/\/universvoyage.com\/wp-content\/uploads\/2026\/03\/Karine-Lethiec-\u00a9Jean-Baptiste-Millot-1K-JPEG-600x399.jpg 600w, https:\/\/universvoyage.com\/wp-content\/uploads\/2026\/03\/Karine-Lethiec-\u00a9Jean-Baptiste-Millot-1K-JPEG-36x24.jpg 36w\" sizes=\"auto, (max-width: 1024px) 100vw, 1024px\" \/><figcaption class=\"wp-element-caption\"><em>Monte-Carlo. Printemps des Arts. Karine Lethiec, Altist and Artistic Director. Jean-Baptiste Millot.<\/em><\/figcaption><\/figure>\n<\/div>\n\n\n<p>The strength of Printemps des Arts lies in its ability to appeal to all kinds of audiences: music lovers, the curious, families and those who simply want to discover something new. It's free for under-25s. From masterpieces of the past to the creations of today, from intimate concerts to grand symphonic frescoes, this year's event promises a wide range of accessible emotions.<br>In Monaco, spring is more than just a season: it's an invitation to listen in a different way.<\/p>\n\n\n\n<p><strong>Text : <\/strong>Laurence Gremy-Flamand<\/p>\n\n\n\n<p><br><strong>New product: <\/strong>Concerts at the single price of 20 euros.<br><strong>Reservations<\/strong> on <a href=\"http:\/\/printempsdesarts.mc\" type=\"link\" id=\"printempsdesarts.mc\">printempsdesarts.mc<\/a> or at the Casino de Monte Carlo Atrium box office<\/p>","protected":false},"excerpt":{"rendered":"<p>Every year in Monaco, Printemps des Arts transforms the Principality into one big musical stage. For this year's edition, entitled Utopies-opus1, which runs from 11 March to 19 April, the festival has chosen a simple, yet...<\/p>","protected":false},"author":6,"featured_media":11957,"comment_status":"open","ping_status":"open","sticky":true,"template":"","format":"standard","meta":{"footnotes":""},"categories":[136,420],"tags":[90,94,418,419,417],"class_list":["post-11954","post","type-post","status-publish","format-standard","has-post-thumbnail","hentry","category-actualites","category-monaco","tag-art","tag-art-de-vivre","tag-creation","tag-festival","tag-musique"],"yoast_head":"<!-- This site is optimized with the Yoast SEO Premium plugin v27.4 (Yoast SEO v27.4) - https:\/\/yoast.com\/product\/yoast-seo-premium-wordpress\/ -->\n<title>Nouvelle Saison du Printemps des Arts de Monte-Carlo - Univers Voyage<\/title>\n<meta name=\"description\" content=\"\u00c0 Monaco, Le Printemps des Arts se tiendra du 11 mars au 19 avril 2026. Place \u00e0 la musique classique et aux cr\u00e9ations contemporaines.\" \/>\n<meta name=\"robots\" content=\"index, follow, max-snippet:-1, max-image-preview:large, max-video-preview:-1\" \/>\n<link rel=\"canonical\" href=\"https:\/\/universvoyage.com\/en\/the-new-season-of-monte-carlos-spring-of-the-arts\/\" \/>\n<meta property=\"og:locale\" content=\"en_GB\" \/>\n<meta property=\"og:type\" content=\"article\" \/>\n<meta property=\"og:title\" content=\"Nouvelle Saison du Printemps des Arts de Monte-Carlo\" \/>\n<meta property=\"og:description\" content=\"\u00c0 Monaco, Le Printemps des Arts se tiendra du 11 mars au 19 avril 2026. Place \u00e0 la musique classique et aux cr\u00e9ations contemporaines.\" \/>\n<meta property=\"og:url\" content=\"https:\/\/universvoyage.com\/en\/the-new-season-of-monte-carlos-spring-of-the-arts\/\" \/>\n<meta property=\"og:site_name\" content=\"Univers Voyage\" \/>\n<meta property=\"article:publisher\" content=\"https:\/\/www.facebook.com\/universvoyage\" \/>\n<meta property=\"article:published_time\" content=\"2026-03-04T10:09:52+00:00\" \/>\n<meta property=\"article:modified_time\" content=\"2026-03-04T11:17:31+00:00\" \/>\n<meta property=\"og:image\" content=\"https:\/\/universvoyage.com\/wp-content\/uploads\/2026\/03\/PDA_2026_Affiche-digitale_1920x1080px_2_72DPI-1K-JPEG.jpg\" \/>\n\t<meta property=\"og:image:width\" content=\"1024\" \/>\n\t<meta property=\"og:image:height\" content=\"576\" \/>\n\t<meta property=\"og:image:type\" content=\"image\/jpeg\" \/>\n<meta name=\"author\" content=\"Laurence Gr\u00e9my\" \/>\n<meta name=\"twitter:card\" content=\"summary_large_image\" \/>\n<meta name=\"twitter:creator\" content=\"@UniversVoyage\" \/>\n<meta name=\"twitter:site\" content=\"@UniversVoyage\" \/>\n<meta name=\"twitter:label1\" content=\"Written by\" \/>\n\t<meta name=\"twitter:data1\" content=\"Laurence Gr\u00e9my\" \/>\n\t<meta name=\"twitter:label2\" content=\"Estimated reading time\" \/>\n\t<meta name=\"twitter:data2\" content=\"4 minutes\" \/>\n<script type=\"application\/ld+json\" class=\"yoast-schema-graph\">{\"@context\":\"https:\\\/\\\/schema.org\",\"@graph\":[{\"@type\":\"Article\",\"@id\":\"https:\\\/\\\/universvoyage.com\\\/nouvelle-saison-du-printemps-des-arts-de-monte-carlo\\\/#article\",\"isPartOf\":{\"@id\":\"https:\\\/\\\/universvoyage.com\\\/nouvelle-saison-du-printemps-des-arts-de-monte-carlo\\\/\"},\"author\":{\"name\":\"Laurence Gr\u00e9my\",\"@id\":\"https:\\\/\\\/universvoyage.com\\\/#\\\/schema\\\/person\\\/05037448d3912dd176d6cf482bb2a9c4\"},\"headline\":\"Nouvelle Saison du Printemps des Arts de Monte-Carlo\",\"datePublished\":\"2026-03-04T10:09:52+00:00\",\"dateModified\":\"2026-03-04T11:17:31+00:00\",\"mainEntityOfPage\":{\"@id\":\"https:\\\/\\\/universvoyage.com\\\/nouvelle-saison-du-printemps-des-arts-de-monte-carlo\\\/\"},\"wordCount\":575,\"commentCount\":0,\"image\":{\"@id\":\"https:\\\/\\\/universvoyage.com\\\/nouvelle-saison-du-printemps-des-arts-de-monte-carlo\\\/#primaryimage\"},\"thumbnailUrl\":\"https:\\\/\\\/universvoyage.com\\\/wp-content\\\/uploads\\\/2026\\\/03\\\/PDA_2026_Affiche-digitale_1920x1080px_2_72DPI-1K-JPEG.jpg\",\"keywords\":[\"Art\",\"Art de vivre\",\"Cr\u00e9ation\",\"Festival\",\"Musique\"],\"articleSection\":[\"Actualit\u00e9s\",\"Monaco\"],\"inLanguage\":\"en-GB\",\"potentialAction\":[{\"@type\":\"CommentAction\",\"name\":\"Comment\",\"target\":[\"https:\\\/\\\/universvoyage.com\\\/nouvelle-saison-du-printemps-des-arts-de-monte-carlo\\\/#respond\"]}]},{\"@type\":\"WebPage\",\"@id\":\"https:\\\/\\\/universvoyage.com\\\/nouvelle-saison-du-printemps-des-arts-de-monte-carlo\\\/\",\"url\":\"https:\\\/\\\/universvoyage.com\\\/nouvelle-saison-du-printemps-des-arts-de-monte-carlo\\\/\",\"name\":\"Nouvelle Saison du Printemps des Arts de Monte-Carlo - Univers Voyage\",\"isPartOf\":{\"@id\":\"https:\\\/\\\/universvoyage.com\\\/#website\"},\"primaryImageOfPage\":{\"@id\":\"https:\\\/\\\/universvoyage.com\\\/nouvelle-saison-du-printemps-des-arts-de-monte-carlo\\\/#primaryimage\"},\"image\":{\"@id\":\"https:\\\/\\\/universvoyage.com\\\/nouvelle-saison-du-printemps-des-arts-de-monte-carlo\\\/#primaryimage\"},\"thumbnailUrl\":\"https:\\\/\\\/universvoyage.com\\\/wp-content\\\/uploads\\\/2026\\\/03\\\/PDA_2026_Affiche-digitale_1920x1080px_2_72DPI-1K-JPEG.jpg\",\"datePublished\":\"2026-03-04T10:09:52+00:00\",\"dateModified\":\"2026-03-04T11:17:31+00:00\",\"author\":{\"@id\":\"https:\\\/\\\/universvoyage.com\\\/#\\\/schema\\\/person\\\/05037448d3912dd176d6cf482bb2a9c4\"},\"description\":\"\u00c0 Monaco, Le Printemps des Arts se tiendra du 11 mars au 19 avril 2026. Place \u00e0 la musique classique et aux cr\u00e9ations contemporaines.\",\"breadcrumb\":{\"@id\":\"https:\\\/\\\/universvoyage.com\\\/nouvelle-saison-du-printemps-des-arts-de-monte-carlo\\\/#breadcrumb\"},\"inLanguage\":\"en-GB\",\"potentialAction\":[{\"@type\":\"ReadAction\",\"target\":[\"https:\\\/\\\/universvoyage.com\\\/nouvelle-saison-du-printemps-des-arts-de-monte-carlo\\\/\"]}]},{\"@type\":\"ImageObject\",\"inLanguage\":\"en-GB\",\"@id\":\"https:\\\/\\\/universvoyage.com\\\/nouvelle-saison-du-printemps-des-arts-de-monte-carlo\\\/#primaryimage\",\"url\":\"https:\\\/\\\/universvoyage.com\\\/wp-content\\\/uploads\\\/2026\\\/03\\\/PDA_2026_Affiche-digitale_1920x1080px_2_72DPI-1K-JPEG.jpg\",\"contentUrl\":\"https:\\\/\\\/universvoyage.com\\\/wp-content\\\/uploads\\\/2026\\\/03\\\/PDA_2026_Affiche-digitale_1920x1080px_2_72DPI-1K-JPEG.jpg\",\"width\":1024,\"height\":576},{\"@type\":\"BreadcrumbList\",\"@id\":\"https:\\\/\\\/universvoyage.com\\\/nouvelle-saison-du-printemps-des-arts-de-monte-carlo\\\/#breadcrumb\",\"itemListElement\":[{\"@type\":\"ListItem\",\"position\":1,\"name\":\"Accueil\",\"item\":\"https:\\\/\\\/universvoyage.com\\\/\"},{\"@type\":\"ListItem\",\"position\":2,\"name\":\"Nouvelle Saison du Printemps des Arts de Monte-Carlo\"}]},{\"@type\":\"WebSite\",\"@id\":\"https:\\\/\\\/universvoyage.com\\\/#website\",\"url\":\"https:\\\/\\\/universvoyage.com\\\/\",\"name\":\"Univers Voyage\",\"description\":\"\",\"potentialAction\":[{\"@type\":\"SearchAction\",\"target\":{\"@type\":\"EntryPoint\",\"urlTemplate\":\"https:\\\/\\\/universvoyage.com\\\/?s={search_term_string}\"},\"query-input\":{\"@type\":\"PropertyValueSpecification\",\"valueRequired\":true,\"valueName\":\"search_term_string\"}}],\"inLanguage\":\"en-GB\"},{\"@type\":\"Person\",\"@id\":\"https:\\\/\\\/universvoyage.com\\\/#\\\/schema\\\/person\\\/05037448d3912dd176d6cf482bb2a9c4\",\"name\":\"Laurence Gr\u00e9my\",\"image\":{\"@type\":\"ImageObject\",\"inLanguage\":\"en-GB\",\"@id\":\"https:\\\/\\\/secure.gravatar.com\\\/avatar\\\/8ed20d12e43e4016db30b345cef36669e87b112223d9918f785b5914ed8a6e91?s=96&d=mm&r=g\",\"url\":\"https:\\\/\\\/secure.gravatar.com\\\/avatar\\\/8ed20d12e43e4016db30b345cef36669e87b112223d9918f785b5914ed8a6e91?s=96&d=mm&r=g\",\"contentUrl\":\"https:\\\/\\\/secure.gravatar.com\\\/avatar\\\/8ed20d12e43e4016db30b345cef36669e87b112223d9918f785b5914ed8a6e91?s=96&d=mm&r=g\",\"caption\":\"Laurence Gr\u00e9my\"},\"sameAs\":[\"https:\\\/\\\/universvoyage.com\"],\"url\":\"https:\\\/\\\/universvoyage.com\\\/en\\\/author\\\/laurence-gremy\\\/\"}]}<\/script>\n<!-- \/ Yoast SEO Premium plugin. -->","yoast_head_json":{"title":"New season of Printemps des Arts de Monte-Carlo - Univers Voyage","description":"In Monaco, Le Printemps des Arts will be held from 11 March to 19 April 2026. A showcase for classical music and contemporary creations.","robots":{"index":"index","follow":"follow","max-snippet":"max-snippet:-1","max-image-preview":"max-image-preview:large","max-video-preview":"max-video-preview:-1"},"canonical":"https:\/\/universvoyage.com\/en\/the-new-season-of-monte-carlos-spring-of-the-arts\/","og_locale":"en_GB","og_type":"article","og_title":"Nouvelle Saison du Printemps des Arts de Monte-Carlo","og_description":"\u00c0 Monaco, Le Printemps des Arts se tiendra du 11 mars au 19 avril 2026. Place \u00e0 la musique classique et aux cr\u00e9ations contemporaines.","og_url":"https:\/\/universvoyage.com\/en\/the-new-season-of-monte-carlos-spring-of-the-arts\/","og_site_name":"Univers Voyage","article_publisher":"https:\/\/www.facebook.com\/universvoyage","article_published_time":"2026-03-04T10:09:52+00:00","article_modified_time":"2026-03-04T11:17:31+00:00","og_image":[{"width":1024,"height":576,"url":"https:\/\/universvoyage.com\/wp-content\/uploads\/2026\/03\/PDA_2026_Affiche-digitale_1920x1080px_2_72DPI-1K-JPEG.jpg","type":"image\/jpeg"}],"author":"Laurence Gr\u00e9my","twitter_card":"summary_large_image","twitter_creator":"@UniversVoyage","twitter_site":"@UniversVoyage","twitter_misc":{"Written by":"Laurence Gr\u00e9my","Estimated reading time":"4 minutes"},"schema":{"@context":"https:\/\/schema.org","@graph":[{"@type":"Article","@id":"https:\/\/universvoyage.com\/nouvelle-saison-du-printemps-des-arts-de-monte-carlo\/#article","isPartOf":{"@id":"https:\/\/universvoyage.com\/nouvelle-saison-du-printemps-des-arts-de-monte-carlo\/"},"author":{"name":"Laurence Gr\u00e9my","@id":"https:\/\/universvoyage.com\/#\/schema\/person\/05037448d3912dd176d6cf482bb2a9c4"},"headline":"Nouvelle Saison du Printemps des Arts de Monte-Carlo","datePublished":"2026-03-04T10:09:52+00:00","dateModified":"2026-03-04T11:17:31+00:00","mainEntityOfPage":{"@id":"https:\/\/universvoyage.com\/nouvelle-saison-du-printemps-des-arts-de-monte-carlo\/"},"wordCount":575,"commentCount":0,"image":{"@id":"https:\/\/universvoyage.com\/nouvelle-saison-du-printemps-des-arts-de-monte-carlo\/#primaryimage"},"thumbnailUrl":"https:\/\/universvoyage.com\/wp-content\/uploads\/2026\/03\/PDA_2026_Affiche-digitale_1920x1080px_2_72DPI-1K-JPEG.jpg","keywords":["Art","Art de vivre","Cr\u00e9ation","Festival","Musique"],"articleSection":["Actualit\u00e9s","Monaco"],"inLanguage":"en-GB","potentialAction":[{"@type":"CommentAction","name":"Comment","target":["https:\/\/universvoyage.com\/nouvelle-saison-du-printemps-des-arts-de-monte-carlo\/#respond"]}]},{"@type":"WebPage","@id":"https:\/\/universvoyage.com\/nouvelle-saison-du-printemps-des-arts-de-monte-carlo\/","url":"https:\/\/universvoyage.com\/nouvelle-saison-du-printemps-des-arts-de-monte-carlo\/","name":"New season of Printemps des Arts de Monte-Carlo - Univers Voyage","isPartOf":{"@id":"https:\/\/universvoyage.com\/#website"},"primaryImageOfPage":{"@id":"https:\/\/universvoyage.com\/nouvelle-saison-du-printemps-des-arts-de-monte-carlo\/#primaryimage"},"image":{"@id":"https:\/\/universvoyage.com\/nouvelle-saison-du-printemps-des-arts-de-monte-carlo\/#primaryimage"},"thumbnailUrl":"https:\/\/universvoyage.com\/wp-content\/uploads\/2026\/03\/PDA_2026_Affiche-digitale_1920x1080px_2_72DPI-1K-JPEG.jpg","datePublished":"2026-03-04T10:09:52+00:00","dateModified":"2026-03-04T11:17:31+00:00","author":{"@id":"https:\/\/universvoyage.com\/#\/schema\/person\/05037448d3912dd176d6cf482bb2a9c4"},"description":"In Monaco, Le Printemps des Arts will be held from 11 March to 19 April 2026. A showcase for classical music and contemporary creations.","breadcrumb":{"@id":"https:\/\/universvoyage.com\/nouvelle-saison-du-printemps-des-arts-de-monte-carlo\/#breadcrumb"},"inLanguage":"en-GB","potentialAction":[{"@type":"ReadAction","target":["https:\/\/universvoyage.com\/nouvelle-saison-du-printemps-des-arts-de-monte-carlo\/"]}]},{"@type":"ImageObject","inLanguage":"en-GB","@id":"https:\/\/universvoyage.com\/nouvelle-saison-du-printemps-des-arts-de-monte-carlo\/#primaryimage","url":"https:\/\/universvoyage.com\/wp-content\/uploads\/2026\/03\/PDA_2026_Affiche-digitale_1920x1080px_2_72DPI-1K-JPEG.jpg","contentUrl":"https:\/\/universvoyage.com\/wp-content\/uploads\/2026\/03\/PDA_2026_Affiche-digitale_1920x1080px_2_72DPI-1K-JPEG.jpg","width":1024,"height":576},{"@type":"BreadcrumbList","@id":"https:\/\/universvoyage.com\/nouvelle-saison-du-printemps-des-arts-de-monte-carlo\/#breadcrumb","itemListElement":[{"@type":"ListItem","position":1,"name":"Accueil","item":"https:\/\/universvoyage.com\/"},{"@type":"ListItem","position":2,"name":"Nouvelle Saison du Printemps des Arts de Monte-Carlo"}]},{"@type":"WebSite","@id":"https:\/\/universvoyage.com\/#website","url":"https:\/\/universvoyage.com\/","name":"Travel Universe","description":"","potentialAction":[{"@type":"SearchAction","target":{"@type":"EntryPoint","urlTemplate":"https:\/\/universvoyage.com\/?s={search_term_string}"},"query-input":{"@type":"PropertyValueSpecification","valueRequired":true,"valueName":"search_term_string"}}],"inLanguage":"en-GB"},{"@type":"Person","@id":"https:\/\/universvoyage.com\/#\/schema\/person\/05037448d3912dd176d6cf482bb2a9c4","name":"Laurence Gr\u00e9my","image":{"@type":"ImageObject","inLanguage":"en-GB","@id":"https:\/\/secure.gravatar.com\/avatar\/8ed20d12e43e4016db30b345cef36669e87b112223d9918f785b5914ed8a6e91?s=96&d=mm&r=g","url":"https:\/\/secure.gravatar.com\/avatar\/8ed20d12e43e4016db30b345cef36669e87b112223d9918f785b5914ed8a6e91?s=96&d=mm&r=g","contentUrl":"https:\/\/secure.gravatar.com\/avatar\/8ed20d12e43e4016db30b345cef36669e87b112223d9918f785b5914ed8a6e91?s=96&d=mm&r=g","caption":"Laurence Gr\u00e9my"},"sameAs":["https:\/\/universvoyage.com"],"url":"https:\/\/universvoyage.com\/en\/author\/laurence-gremy\/"}]}},"_links":{"self":[{"href":"https:\/\/universvoyage.com\/en\/wp-json\/wp\/v2\/posts\/11954","targetHints":{"allow":["GET"]}}],"collection":[{"href":"https:\/\/universvoyage.com\/en\/wp-json\/wp\/v2\/posts"}],"about":[{"href":"https:\/\/universvoyage.com\/en\/wp-json\/wp\/v2\/types\/post"}],"author":[{"embeddable":true,"href":"https:\/\/universvoyage.com\/en\/wp-json\/wp\/v2\/users\/6"}],"replies":[{"embeddable":true,"href":"https:\/\/universvoyage.com\/en\/wp-json\/wp\/v2\/comments?post=11954"}],"version-history":[{"count":8,"href":"https:\/\/universvoyage.com\/en\/wp-json\/wp\/v2\/posts\/11954\/revisions"}],"predecessor-version":[{"id":11967,"href":"https:\/\/universvoyage.com\/en\/wp-json\/wp\/v2\/posts\/11954\/revisions\/11967"}],"wp:featuredmedia":[{"embeddable":true,"href":"https:\/\/universvoyage.com\/en\/wp-json\/wp\/v2\/media\/11957"}],"wp:attachment":[{"href":"https:\/\/universvoyage.com\/en\/wp-json\/wp\/v2\/media?parent=11954"}],"wp:term":[{"taxonomy":"category","embeddable":true,"href":"https:\/\/universvoyage.com\/en\/wp-json\/wp\/v2\/categories?post=11954"},{"taxonomy":"post_tag","embeddable":true,"href":"https:\/\/universvoyage.com\/en\/wp-json\/wp\/v2\/tags?post=11954"}],"curies":[{"name":"wp","href":"https:\/\/api.w.org\/{rel}","templated":true}]}}