{"id":1926,"date":"2019-12-17T18:12:58","date_gmt":"2019-12-17T17:12:58","guid":{"rendered":"https:\/\/universvoyage.com\/?p=1926"},"modified":"2024-05-18T13:30:59","modified_gmt":"2024-05-18T12:30:59","slug":"je-viens-dici-normandie-herve-morin-guillaume-de-laubier","status":"publish","type":"post","link":"https:\/\/universvoyage.com\/en\/je-viens-dici-normandie-herve-morin-guillaume-de-laubier\/","title":{"rendered":"I come from here-Normandy - Herv\u00e9 Morin - Guillaume de Laubier"},"content":{"rendered":"<p><br>Skilfully illustrated by photographer Guillaume de Laubier,  <em>I come from here <\/em>is a book written by Herv\u00e9 Morin, President of the Normandy Region since 2015, in which he presents the personalities, landscapes and remarkable sites that he loves.<\/p>\n\n\n\n<div class=\"wp-block-image\"><figure class=\"aligncenter size-large\"><img loading=\"lazy\" decoding=\"async\" width=\"1024\" height=\"683\" src=\"https:\/\/universvoyage.com\/wp-content\/uploads\/2019\/12\/Mt-St-Michel-Normandie-@-Gdelaubier-Paris-4-Copier-1024x683.jpg\" alt=\"Mont-Saint-Michel. Normandy.\" class=\"wp-image-1929\" srcset=\"https:\/\/universvoyage.com\/wp-content\/uploads\/2019\/12\/Mt-St-Michel-Normandie-@-Gdelaubier-Paris-4-Copier-1024x683.jpg 1024w, https:\/\/universvoyage.com\/wp-content\/uploads\/2019\/12\/Mt-St-Michel-Normandie-@-Gdelaubier-Paris-4-Copier-300x200.jpg 300w, https:\/\/universvoyage.com\/wp-content\/uploads\/2019\/12\/Mt-St-Michel-Normandie-@-Gdelaubier-Paris-4-Copier-768x512.jpg 768w, https:\/\/universvoyage.com\/wp-content\/uploads\/2019\/12\/Mt-St-Michel-Normandie-@-Gdelaubier-Paris-4-Copier-600x400.jpg 600w, https:\/\/universvoyage.com\/wp-content\/uploads\/2019\/12\/Mt-St-Michel-Normandie-@-Gdelaubier-Paris-4-Copier.jpg 1151w\" sizes=\"auto, (max-width: 1024px) 100vw, 1024px\" \/><figcaption><em>Mont-Saint-Michel. Normandy.<\/em><\/figcaption><\/figure><\/div>\n\n\n\n<p>This Norman by birth and by heart tells his own story, paying tribute to the men and women who live in this region that stretches from the Cotentin peninsula to the Vexin Normand. His childhood in Fatouville and Cormeilles, his years as mayor of Epaignes, his escapades in Deauville are all pretexts for revealing the figures of this land and the good addresses that he continues to frequent. <br><\/p>\n\n\n\n<p>In his book, Herv\u00e9 Morin also recounts some unusual anecdotes, typical of the region's heritage, such as the Normandy Law still applied in the Channel Islands. And he recalls his passion for horses - he is a breeder himself - born at the Deauville racecourse where his father used to take him. <\/p>\n\n\n\n<div class=\"wp-block-image\"><figure class=\"aligncenter size-large\"><img loading=\"lazy\" decoding=\"async\" width=\"1024\" height=\"683\" src=\"https:\/\/universvoyage.com\/wp-content\/uploads\/2019\/12\/St-Wandrille-Normandie-2-@-Gdelaubier-5-Copier-1024x683.jpg\" alt=\"Cloister of Saint-Wandrille Abbey. Normandy.\" class=\"wp-image-1930\" srcset=\"https:\/\/universvoyage.com\/wp-content\/uploads\/2019\/12\/St-Wandrille-Normandie-2-@-Gdelaubier-5-Copier-1024x683.jpg 1024w, https:\/\/universvoyage.com\/wp-content\/uploads\/2019\/12\/St-Wandrille-Normandie-2-@-Gdelaubier-5-Copier-300x200.jpg 300w, https:\/\/universvoyage.com\/wp-content\/uploads\/2019\/12\/St-Wandrille-Normandie-2-@-Gdelaubier-5-Copier-768x512.jpg 768w, https:\/\/universvoyage.com\/wp-content\/uploads\/2019\/12\/St-Wandrille-Normandie-2-@-Gdelaubier-5-Copier-600x400.jpg 600w, https:\/\/universvoyage.com\/wp-content\/uploads\/2019\/12\/St-Wandrille-Normandie-2-@-Gdelaubier-5-Copier.jpg 1151w\" sizes=\"auto, (max-width: 1024px) 100vw, 1024px\" \/><figcaption><em>Cloister of Saint-Wandrille Abbey. Normandy.<\/em><\/figcaption><\/figure><\/div>\n\n\n\n<p>Guillaume de Laubier's photographs follow this very personal path, revealing landscapes where land and sea meet: Tatihou, the Chausey Islands, Port-en-Bessin, Mont Saint Michel and the customs path at La Hague. An authentic and enchanting coast captured in the evening light that magnifies these places. Not forgetting the architectural heritage, including the superb abbeys of Caen, Saint Wandrille and Jumi\u00e8ges. <br>With its many sites, panoramas, encounters and portraits, from the Orne to the Manche, this book is an invitation to discover a region that has seduced so many painters and writers. <\/p>\n\n\n\n<p>\"I come from here\" Normandy<br>Herv\u00e9 Morin, <br>Photos of Guillaume de Laubier <br>\u00c9ditions des Falaises \u20ac29.<br><a href=\"http:\/\/www.editionsdesfalaises.com\">www.editionsdesfalaises.com<\/a><\/p>","protected":false},"excerpt":{"rendered":"<p>Illustrated with talent by photographer Guillaume de Laubier, Je viens d'ici is a book written by Herv\u00e9 Morin, President of the Normandy Region since 2015, in which he presents the personalities, landscapes and remarkable sites that he loves.<\/p>","protected":false},"author":1,"featured_media":1928,"comment_status":"open","ping_status":"open","sticky":true,"template":"","format":"standard","meta":{"footnotes":""},"categories":[80],"tags":[],"class_list":["post-1926","post","type-post","status-publish","format-standard","has-post-thumbnail","hentry","category-livre"],"yoast_head":"<!-- This site is optimized with the Yoast SEO Premium plugin v27.5 (Yoast SEO v27.5) - https:\/\/yoast.com\/product\/yoast-seo-premium-wordpress\/ -->\n<title>Je viens d\u2019ici-Normandie - Herv\u00e9 Morin \u2013 Guillaume de Laubier - Univers Voyage<\/title>\n<meta name=\"description\" content=\"Je viens d\u2019ici est un livre sur la Normandie \u00e9crit par Herv\u00e9 Morin, Pr\u00e9sident de la R\u00e9gion Normandie, illustr\u00e9 par Guillaume de Laubier\" \/>\n<meta name=\"robots\" content=\"index, follow, max-snippet:-1, max-image-preview:large, max-video-preview:-1\" \/>\n<link rel=\"canonical\" href=\"https:\/\/universvoyage.com\/en\/je-viens-dici-normandie-herve-morin-guillaume-de-laubier\/\" \/>\n<meta property=\"og:locale\" content=\"en_GB\" \/>\n<meta property=\"og:type\" content=\"article\" \/>\n<meta property=\"og:title\" content=\"Je viens d\u2019ici-Normandie - Herv\u00e9 Morin \u2013 Guillaume de Laubier\" \/>\n<meta property=\"og:description\" content=\"Je viens d\u2019ici est un livre sur la Normandie \u00e9crit par Herv\u00e9 Morin, Pr\u00e9sident de la R\u00e9gion Normandie, illustr\u00e9 par Guillaume de Laubier\" \/>\n<meta property=\"og:url\" content=\"https:\/\/universvoyage.com\/en\/je-viens-dici-normandie-herve-morin-guillaume-de-laubier\/\" \/>\n<meta property=\"og:site_name\" content=\"Univers Voyage\" \/>\n<meta property=\"article:publisher\" content=\"https:\/\/www.facebook.com\/universvoyage\" \/>\n<meta property=\"article:published_time\" content=\"2019-12-17T17:12:58+00:00\" \/>\n<meta property=\"article:modified_time\" content=\"2024-05-18T12:30:59+00:00\" \/>\n<meta property=\"og:image\" content=\"https:\/\/universvoyage.com\/wp-content\/uploads\/2019\/12\/Couverture_Je_viens_dici-Copier.jpeg\" \/>\n\t<meta property=\"og:image:width\" content=\"554\" \/>\n\t<meta property=\"og:image:height\" content=\"768\" \/>\n\t<meta property=\"og:image:type\" content=\"image\/jpeg\" \/>\n<meta name=\"author\" content=\"Univers Voyage\" \/>\n<meta name=\"twitter:card\" content=\"summary_large_image\" \/>\n<meta name=\"twitter:creator\" content=\"@UniversVoyage\" \/>\n<meta name=\"twitter:site\" content=\"@UniversVoyage\" \/>\n<meta name=\"twitter:label1\" content=\"Written by\" \/>\n\t<meta name=\"twitter:data1\" content=\"Univers Voyage\" \/>\n\t<meta name=\"twitter:label2\" content=\"Estimated reading time\" \/>\n\t<meta name=\"twitter:data2\" content=\"3 minutes\" \/>\n<script type=\"application\/ld+json\" class=\"yoast-schema-graph\">{\"@context\":\"https:\\\/\\\/schema.org\",\"@graph\":[{\"@type\":\"Article\",\"@id\":\"https:\\\/\\\/universvoyage.com\\\/je-viens-dici-normandie-herve-morin-guillaume-de-laubier\\\/#article\",\"isPartOf\":{\"@id\":\"https:\\\/\\\/universvoyage.com\\\/je-viens-dici-normandie-herve-morin-guillaume-de-laubier\\\/\"},\"author\":{\"name\":\"Univers Voyage\",\"@id\":\"https:\\\/\\\/universvoyage.com\\\/#\\\/schema\\\/person\\\/4aa7c0a0f0662832f798a2ce5b4d9f0c\"},\"headline\":\"Je viens d\u2019ici-Normandie &#8211; Herv\u00e9 Morin \u2013 Guillaume de Laubier\",\"datePublished\":\"2019-12-17T17:12:58+00:00\",\"dateModified\":\"2024-05-18T12:30:59+00:00\",\"mainEntityOfPage\":{\"@id\":\"https:\\\/\\\/universvoyage.com\\\/je-viens-dici-normandie-herve-morin-guillaume-de-laubier\\\/\"},\"wordCount\":319,\"commentCount\":0,\"image\":{\"@id\":\"https:\\\/\\\/universvoyage.com\\\/je-viens-dici-normandie-herve-morin-guillaume-de-laubier\\\/#primaryimage\"},\"thumbnailUrl\":\"https:\\\/\\\/universvoyage.com\\\/wp-content\\\/uploads\\\/2019\\\/12\\\/Couverture_Je_viens_dici-Copier.jpeg\",\"articleSection\":[\"Livre\"],\"inLanguage\":\"en-GB\",\"potentialAction\":[{\"@type\":\"CommentAction\",\"name\":\"Comment\",\"target\":[\"https:\\\/\\\/universvoyage.com\\\/je-viens-dici-normandie-herve-morin-guillaume-de-laubier\\\/#respond\"]}]},{\"@type\":\"WebPage\",\"@id\":\"https:\\\/\\\/universvoyage.com\\\/je-viens-dici-normandie-herve-morin-guillaume-de-laubier\\\/\",\"url\":\"https:\\\/\\\/universvoyage.com\\\/je-viens-dici-normandie-herve-morin-guillaume-de-laubier\\\/\",\"name\":\"Je viens d\u2019ici-Normandie - Herv\u00e9 Morin \u2013 Guillaume de Laubier - Univers Voyage\",\"isPartOf\":{\"@id\":\"https:\\\/\\\/universvoyage.com\\\/#website\"},\"primaryImageOfPage\":{\"@id\":\"https:\\\/\\\/universvoyage.com\\\/je-viens-dici-normandie-herve-morin-guillaume-de-laubier\\\/#primaryimage\"},\"image\":{\"@id\":\"https:\\\/\\\/universvoyage.com\\\/je-viens-dici-normandie-herve-morin-guillaume-de-laubier\\\/#primaryimage\"},\"thumbnailUrl\":\"https:\\\/\\\/universvoyage.com\\\/wp-content\\\/uploads\\\/2019\\\/12\\\/Couverture_Je_viens_dici-Copier.jpeg\",\"datePublished\":\"2019-12-17T17:12:58+00:00\",\"dateModified\":\"2024-05-18T12:30:59+00:00\",\"author\":{\"@id\":\"https:\\\/\\\/universvoyage.com\\\/#\\\/schema\\\/person\\\/4aa7c0a0f0662832f798a2ce5b4d9f0c\"},\"description\":\"Je viens d\u2019ici est un livre sur la Normandie \u00e9crit par Herv\u00e9 Morin, Pr\u00e9sident de la R\u00e9gion Normandie, illustr\u00e9 par Guillaume de Laubier\",\"breadcrumb\":{\"@id\":\"https:\\\/\\\/universvoyage.com\\\/je-viens-dici-normandie-herve-morin-guillaume-de-laubier\\\/#breadcrumb\"},\"inLanguage\":\"en-GB\",\"potentialAction\":[{\"@type\":\"ReadAction\",\"target\":[\"https:\\\/\\\/universvoyage.com\\\/je-viens-dici-normandie-herve-morin-guillaume-de-laubier\\\/\"]}]},{\"@type\":\"ImageObject\",\"inLanguage\":\"en-GB\",\"@id\":\"https:\\\/\\\/universvoyage.com\\\/je-viens-dici-normandie-herve-morin-guillaume-de-laubier\\\/#primaryimage\",\"url\":\"https:\\\/\\\/universvoyage.com\\\/wp-content\\\/uploads\\\/2019\\\/12\\\/Couverture_Je_viens_dici-Copier.jpeg\",\"contentUrl\":\"https:\\\/\\\/universvoyage.com\\\/wp-content\\\/uploads\\\/2019\\\/12\\\/Couverture_Je_viens_dici-Copier.jpeg\",\"width\":554,\"height\":768},{\"@type\":\"BreadcrumbList\",\"@id\":\"https:\\\/\\\/universvoyage.com\\\/je-viens-dici-normandie-herve-morin-guillaume-de-laubier\\\/#breadcrumb\",\"itemListElement\":[{\"@type\":\"ListItem\",\"position\":1,\"name\":\"Accueil\",\"item\":\"https:\\\/\\\/universvoyage.com\\\/\"},{\"@type\":\"ListItem\",\"position\":2,\"name\":\"Je viens d\u2019ici-Normandie &#8211; Herv\u00e9 Morin \u2013 Guillaume de Laubier\"}]},{\"@type\":\"WebSite\",\"@id\":\"https:\\\/\\\/universvoyage.com\\\/#website\",\"url\":\"https:\\\/\\\/universvoyage.com\\\/\",\"name\":\"Univers Voyage\",\"description\":\"\",\"potentialAction\":[{\"@type\":\"SearchAction\",\"target\":{\"@type\":\"EntryPoint\",\"urlTemplate\":\"https:\\\/\\\/universvoyage.com\\\/?s={search_term_string}\"},\"query-input\":{\"@type\":\"PropertyValueSpecification\",\"valueRequired\":true,\"valueName\":\"search_term_string\"}}],\"inLanguage\":\"en-GB\"},{\"@type\":\"Person\",\"@id\":\"https:\\\/\\\/universvoyage.com\\\/#\\\/schema\\\/person\\\/4aa7c0a0f0662832f798a2ce5b4d9f0c\",\"name\":\"Univers Voyage\",\"image\":{\"@type\":\"ImageObject\",\"inLanguage\":\"en-GB\",\"@id\":\"https:\\\/\\\/secure.gravatar.com\\\/avatar\\\/97e7547faa7581532c756e45ad07ad816f409d607eb8f7f275545fcd274e4c9d?s=96&d=mm&r=g\",\"url\":\"https:\\\/\\\/secure.gravatar.com\\\/avatar\\\/97e7547faa7581532c756e45ad07ad816f409d607eb8f7f275545fcd274e4c9d?s=96&d=mm&r=g\",\"contentUrl\":\"https:\\\/\\\/secure.gravatar.com\\\/avatar\\\/97e7547faa7581532c756e45ad07ad816f409d607eb8f7f275545fcd274e4c9d?s=96&d=mm&r=g\",\"caption\":\"Univers Voyage\"},\"sameAs\":[\"https:\\\/\\\/universvoyage.com\\\/\"],\"url\":\"https:\\\/\\\/universvoyage.com\\\/en\\\/author\\\/universvoyage\\\/\"}]}<\/script>\n<!-- \/ Yoast SEO Premium plugin. -->","yoast_head_json":{"title":"I come from here-Normandy - Herv\u00e9 Morin - Guillaume de Laubier - Univers Voyage","description":"Je viens d'ici is a book about Normandy written by Herv\u00e9 Morin, President of the Normandy Region, illustrated by Guillaume de Laubier.","robots":{"index":"index","follow":"follow","max-snippet":"max-snippet:-1","max-image-preview":"max-image-preview:large","max-video-preview":"max-video-preview:-1"},"canonical":"https:\/\/universvoyage.com\/en\/je-viens-dici-normandie-herve-morin-guillaume-de-laubier\/","og_locale":"en_GB","og_type":"article","og_title":"Je viens d\u2019ici-Normandie - Herv\u00e9 Morin \u2013 Guillaume de Laubier","og_description":"Je viens d\u2019ici est un livre sur la Normandie \u00e9crit par Herv\u00e9 Morin, Pr\u00e9sident de la R\u00e9gion Normandie, illustr\u00e9 par Guillaume de Laubier","og_url":"https:\/\/universvoyage.com\/en\/je-viens-dici-normandie-herve-morin-guillaume-de-laubier\/","og_site_name":"Univers Voyage","article_publisher":"https:\/\/www.facebook.com\/universvoyage","article_published_time":"2019-12-17T17:12:58+00:00","article_modified_time":"2024-05-18T12:30:59+00:00","og_image":[{"width":554,"height":768,"url":"https:\/\/universvoyage.com\/wp-content\/uploads\/2019\/12\/Couverture_Je_viens_dici-Copier.jpeg","type":"image\/jpeg"}],"author":"Univers Voyage","twitter_card":"summary_large_image","twitter_creator":"@UniversVoyage","twitter_site":"@UniversVoyage","twitter_misc":{"Written by":"Univers Voyage","Estimated reading time":"3 minutes"},"schema":{"@context":"https:\/\/schema.org","@graph":[{"@type":"Article","@id":"https:\/\/universvoyage.com\/je-viens-dici-normandie-herve-morin-guillaume-de-laubier\/#article","isPartOf":{"@id":"https:\/\/universvoyage.com\/je-viens-dici-normandie-herve-morin-guillaume-de-laubier\/"},"author":{"name":"Univers Voyage","@id":"https:\/\/universvoyage.com\/#\/schema\/person\/4aa7c0a0f0662832f798a2ce5b4d9f0c"},"headline":"Je viens d\u2019ici-Normandie &#8211; Herv\u00e9 Morin \u2013 Guillaume de Laubier","datePublished":"2019-12-17T17:12:58+00:00","dateModified":"2024-05-18T12:30:59+00:00","mainEntityOfPage":{"@id":"https:\/\/universvoyage.com\/je-viens-dici-normandie-herve-morin-guillaume-de-laubier\/"},"wordCount":319,"commentCount":0,"image":{"@id":"https:\/\/universvoyage.com\/je-viens-dici-normandie-herve-morin-guillaume-de-laubier\/#primaryimage"},"thumbnailUrl":"https:\/\/universvoyage.com\/wp-content\/uploads\/2019\/12\/Couverture_Je_viens_dici-Copier.jpeg","articleSection":["Livre"],"inLanguage":"en-GB","potentialAction":[{"@type":"CommentAction","name":"Comment","target":["https:\/\/universvoyage.com\/je-viens-dici-normandie-herve-morin-guillaume-de-laubier\/#respond"]}]},{"@type":"WebPage","@id":"https:\/\/universvoyage.com\/je-viens-dici-normandie-herve-morin-guillaume-de-laubier\/","url":"https:\/\/universvoyage.com\/je-viens-dici-normandie-herve-morin-guillaume-de-laubier\/","name":"I come from here-Normandy - Herv\u00e9 Morin - Guillaume de Laubier - Univers Voyage","isPartOf":{"@id":"https:\/\/universvoyage.com\/#website"},"primaryImageOfPage":{"@id":"https:\/\/universvoyage.com\/je-viens-dici-normandie-herve-morin-guillaume-de-laubier\/#primaryimage"},"image":{"@id":"https:\/\/universvoyage.com\/je-viens-dici-normandie-herve-morin-guillaume-de-laubier\/#primaryimage"},"thumbnailUrl":"https:\/\/universvoyage.com\/wp-content\/uploads\/2019\/12\/Couverture_Je_viens_dici-Copier.jpeg","datePublished":"2019-12-17T17:12:58+00:00","dateModified":"2024-05-18T12:30:59+00:00","author":{"@id":"https:\/\/universvoyage.com\/#\/schema\/person\/4aa7c0a0f0662832f798a2ce5b4d9f0c"},"description":"Je viens d'ici is a book about Normandy written by Herv\u00e9 Morin, President of the Normandy Region, illustrated by Guillaume de Laubier.","breadcrumb":{"@id":"https:\/\/universvoyage.com\/je-viens-dici-normandie-herve-morin-guillaume-de-laubier\/#breadcrumb"},"inLanguage":"en-GB","potentialAction":[{"@type":"ReadAction","target":["https:\/\/universvoyage.com\/je-viens-dici-normandie-herve-morin-guillaume-de-laubier\/"]}]},{"@type":"ImageObject","inLanguage":"en-GB","@id":"https:\/\/universvoyage.com\/je-viens-dici-normandie-herve-morin-guillaume-de-laubier\/#primaryimage","url":"https:\/\/universvoyage.com\/wp-content\/uploads\/2019\/12\/Couverture_Je_viens_dici-Copier.jpeg","contentUrl":"https:\/\/universvoyage.com\/wp-content\/uploads\/2019\/12\/Couverture_Je_viens_dici-Copier.jpeg","width":554,"height":768},{"@type":"BreadcrumbList","@id":"https:\/\/universvoyage.com\/je-viens-dici-normandie-herve-morin-guillaume-de-laubier\/#breadcrumb","itemListElement":[{"@type":"ListItem","position":1,"name":"Accueil","item":"https:\/\/universvoyage.com\/"},{"@type":"ListItem","position":2,"name":"Je viens d\u2019ici-Normandie &#8211; Herv\u00e9 Morin \u2013 Guillaume de Laubier"}]},{"@type":"WebSite","@id":"https:\/\/universvoyage.com\/#website","url":"https:\/\/universvoyage.com\/","name":"Travel Universe","description":"","potentialAction":[{"@type":"SearchAction","target":{"@type":"EntryPoint","urlTemplate":"https:\/\/universvoyage.com\/?s={search_term_string}"},"query-input":{"@type":"PropertyValueSpecification","valueRequired":true,"valueName":"search_term_string"}}],"inLanguage":"en-GB"},{"@type":"Person","@id":"https:\/\/universvoyage.com\/#\/schema\/person\/4aa7c0a0f0662832f798a2ce5b4d9f0c","name":"Travel Universe","image":{"@type":"ImageObject","inLanguage":"en-GB","@id":"https:\/\/secure.gravatar.com\/avatar\/97e7547faa7581532c756e45ad07ad816f409d607eb8f7f275545fcd274e4c9d?s=96&d=mm&r=g","url":"https:\/\/secure.gravatar.com\/avatar\/97e7547faa7581532c756e45ad07ad816f409d607eb8f7f275545fcd274e4c9d?s=96&d=mm&r=g","contentUrl":"https:\/\/secure.gravatar.com\/avatar\/97e7547faa7581532c756e45ad07ad816f409d607eb8f7f275545fcd274e4c9d?s=96&d=mm&r=g","caption":"Univers Voyage"},"sameAs":["https:\/\/universvoyage.com\/"],"url":"https:\/\/universvoyage.com\/en\/author\/universvoyage\/"}]}},"_links":{"self":[{"href":"https:\/\/universvoyage.com\/en\/wp-json\/wp\/v2\/posts\/1926","targetHints":{"allow":["GET"]}}],"collection":[{"href":"https:\/\/universvoyage.com\/en\/wp-json\/wp\/v2\/posts"}],"about":[{"href":"https:\/\/universvoyage.com\/en\/wp-json\/wp\/v2\/types\/post"}],"author":[{"embeddable":true,"href":"https:\/\/universvoyage.com\/en\/wp-json\/wp\/v2\/users\/1"}],"replies":[{"embeddable":true,"href":"https:\/\/universvoyage.com\/en\/wp-json\/wp\/v2\/comments?post=1926"}],"version-history":[{"count":0,"href":"https:\/\/universvoyage.com\/en\/wp-json\/wp\/v2\/posts\/1926\/revisions"}],"wp:featuredmedia":[{"embeddable":true,"href":"https:\/\/universvoyage.com\/en\/wp-json\/wp\/v2\/media\/1928"}],"wp:attachment":[{"href":"https:\/\/universvoyage.com\/en\/wp-json\/wp\/v2\/media?parent=1926"}],"wp:term":[{"taxonomy":"category","embeddable":true,"href":"https:\/\/universvoyage.com\/en\/wp-json\/wp\/v2\/categories?post=1926"},{"taxonomy":"post_tag","embeddable":true,"href":"https:\/\/universvoyage.com\/en\/wp-json\/wp\/v2\/tags?post=1926"}],"curies":[{"name":"wp","href":"https:\/\/api.w.org\/{rel}","templated":true}]}}