{"id":4831,"date":"2023-12-06T16:34:30","date_gmt":"2023-12-06T15:34:30","guid":{"rendered":"https:\/\/universvoyage.com\/?p=4831"},"modified":"2026-02-07T16:23:04","modified_gmt":"2026-02-07T15:23:04","slug":"seville-the-beautiful-andalusian-city","status":"publish","type":"post","link":"https:\/\/universvoyage.com\/en\/seville-la-belle-andalouse\/","title":{"rendered":"Seville, the beautiful Andalusia"},"content":{"rendered":"<p><strong>Situated in the south of Spain, crossed by the Guadalquivir, the ancient wadi <em>el Kebir<\/em> of the Moors that the navigator and discoverer of the New World once sailed along with his fleet, Seville is a unique combination of Mud\u00e9jar elegance, the gentle Iberian way of life, the passion of flamenco dancers and the cruelty of bullfights.<\/strong><\/p><div id=\"ez-toc-container\" class=\"ez-toc-v2_0_82_2 counter-hierarchy ez-toc-counter ez-toc-white ez-toc-container-direction\">\n<div class=\"ez-toc-title-container\">\n<p class=\"ez-toc-title\" style=\"cursor:inherit\">Table of Contents<\/p>\n<span class=\"ez-toc-title-toggle\"><\/span><\/div>\n<nav><ul class='ez-toc-list ez-toc-list-level-1' ><li class='ez-toc-page-1 ez-toc-heading-level-2'><a class=\"ez-toc-link ez-toc-heading-1\" href=\"https:\/\/universvoyage.com\/en\/seville-la-belle-andalouse\/#Une_ville_festive\" >A festive city<\/a><\/li><li class='ez-toc-page-1 ez-toc-heading-level-2'><a class=\"ez-toc-link ez-toc-heading-2\" href=\"https:\/\/universvoyage.com\/en\/seville-la-belle-andalouse\/#Un_patrimoine_exceptionnel\" >An exceptional heritage<\/a><\/li><li class='ez-toc-page-1 ez-toc-heading-level-2'><a class=\"ez-toc-link ez-toc-heading-3\" href=\"https:\/\/universvoyage.com\/en\/seville-la-belle-andalouse\/#Palais_de_la_Comtesse_de_Lebrija\" >Palace of the Countess of Lebrija<\/a><\/li><li class='ez-toc-page-1 ez-toc-heading-level-2'><a class=\"ez-toc-link ez-toc-heading-4\" href=\"https:\/\/universvoyage.com\/en\/seville-la-belle-andalouse\/#LAndalousie_en_bateau_traditions_gastronomie_et_flamenco_sur_le_MS_Belle_de_Cadix\" >Andalusia by boat: traditions, gastronomy and flamenco on the MS Belle de Cadiz<\/a><ul class='ez-toc-list-level-3' ><li class='ez-toc-heading-level-3'><a class=\"ez-toc-link ez-toc-heading-5\" href=\"https:\/\/universvoyage.com\/en\/seville-la-belle-andalouse\/#Sejourner\" >Stay<\/a><\/li><\/ul><\/li><\/ul><\/nav><\/div>\n\n\n\n<div class=\"wp-block-image\">\n<figure class=\"aligncenter size-full\"><a href=\"https:\/\/universvoyage.com\/wp-content\/uploads\/2023\/12\/4100996-Copier.jpg\" data-rel=\"lightbox-image-0\" data-rl_title=\"Cavalier en habit traditionnel et sa femme en amazone et robe de flamenco pendant la feria de S\u00e9ville.\" data-rl_caption=\"Cavalier en habit traditionnel et sa femme en amazone et robe de flamenco pendant la feria de S\u00e9ville.\" title=\"Rider in traditional costume and his wife in an amazon and flamenco dress during the Seville feria.\"><img loading=\"lazy\" decoding=\"async\" width=\"571\" height=\"768\" src=\"https:\/\/universvoyage.com\/wp-content\/uploads\/2023\/12\/4100996-Copier.jpg\" alt=\"Rider in traditional costume and his wife in an amazon and flamenco dress during the Seville feria.\" class=\"wp-image-4842\" srcset=\"https:\/\/universvoyage.com\/wp-content\/uploads\/2023\/12\/4100996-Copier.jpg 571w, https:\/\/universvoyage.com\/wp-content\/uploads\/2023\/12\/4100996-Copier-223x300.jpg 223w, https:\/\/universvoyage.com\/wp-content\/uploads\/2023\/12\/4100996-Copier-9x12.jpg 9w, https:\/\/universvoyage.com\/wp-content\/uploads\/2023\/12\/4100996-Copier-446x600.jpg 446w, https:\/\/universvoyage.com\/wp-content\/uploads\/2023\/12\/4100996-Copier-18x24.jpg 18w\" sizes=\"auto, (max-width: 571px) 100vw, 571px\" \/><\/a><figcaption class=\"wp-element-caption\"><em>Rider in traditional costume and his wife in an amazon and flamenco dress during the Seville feria.<\/em><\/figcaption><\/figure>\n<\/div>\n\n\n<p>Two thousand years of history have left their mark on the city. Romans, Moors, Jews, Christians and gypsies have all conquered and loved the city, leaving their mark in a colourful patchwork of beauty that has inspired writers and composers. Christianised again in the middle of the 13th century, it proudly displays the splendour of the Mud\u00e9jar period, to which was added the gold of the Americas.<\/p>\n\n\n<div class=\"wp-block-image\">\n<figure class=\"aligncenter size-full is-resized\"><a href=\"https:\/\/universvoyage.com\/wp-content\/uploads\/2023\/12\/4100781-Copier.jpg\" data-rel=\"lightbox-image-1\" data-rl_title=\"Torre del Oro ou \u00ab\u00a0Tour de l&rsquo;Or\u00a0\u00bb de S\u00e9ville. La tour, haute de 36 m\u00e8tres, a \u00e9t\u00e9 construite par les Almohades au 12\u00e8me si\u00e8cle et faisait partie int\u00e9grante des remparts maures, qui constituaient une d\u00e9fense entre le palais Real Alc\u00e1zar et le reste de S\u00e9ville.\" data-rl_caption=\"Torre del Oro ou &quot;Tour de l&#039;Or&quot; de S\u00e9ville. La tour, haute de 36 m\u00e8tres, a \u00e9t\u00e9 construite par les Almohades au 12\u00e8me si\u00e8cle et faisait partie int\u00e9grante des remparts maures, qui constituaient une d\u00e9fense entre le palais Real Alc\u00e1zar et le reste de S\u00e9ville.\" title=\"Seville&#039;s Torre del Oro or &#039;Tower of Gold&#039;. The 36-metre-high tower was built by the Almohads in the 12th century and was an integral part of the Moorish ramparts, which formed a defence between the Real Alc\u00e1zar palace and the rest of Seville.\"><img loading=\"lazy\" decoding=\"async\" width=\"768\" height=\"768\" src=\"https:\/\/universvoyage.com\/wp-content\/uploads\/2023\/12\/4100781-Copier.jpg\" alt=\"Seville&#039;s Torre del Oro or &quot;Tower of Gold&quot;. The 36-metre-high tower was built by the Almohads in the 12th century and was an integral part of the Moorish ramparts, which formed a defence between the Real Alc\u00e1zar palace and the rest of Seville.\" class=\"wp-image-4840\" style=\"width:800px;height:auto\" srcset=\"https:\/\/universvoyage.com\/wp-content\/uploads\/2023\/12\/4100781-Copier.jpg 768w, https:\/\/universvoyage.com\/wp-content\/uploads\/2023\/12\/4100781-Copier-300x300.jpg 300w, https:\/\/universvoyage.com\/wp-content\/uploads\/2023\/12\/4100781-Copier-150x150.jpg 150w, https:\/\/universvoyage.com\/wp-content\/uploads\/2023\/12\/4100781-Copier-12x12.jpg 12w, https:\/\/universvoyage.com\/wp-content\/uploads\/2023\/12\/4100781-Copier-600x600.jpg 600w, https:\/\/universvoyage.com\/wp-content\/uploads\/2023\/12\/4100781-Copier-24x24.jpg 24w\" sizes=\"auto, (max-width: 768px) 100vw, 768px\" \/><\/a><figcaption class=\"wp-element-caption\">T<em>orre del Oro or 'Tower of Gold' in Seville. The 36-metre-high tower was built by the Almohads in the 12th century and formed an integral part of the Moorish ramparts, which provided a defence between the Real Alc\u00e1zar palace and the rest of Seville.<\/em><\/figcaption><\/figure>\n<\/div>\n\n\n<h2 class=\"wp-block-heading\" id=\"h-une-ville-festive\"><span class=\"ez-toc-section\" id=\"Une_ville_festive\"><\/span><strong>A festive city<\/strong><span class=\"ez-toc-section-end\"><\/span><\/h2>\n\n\n<div class=\"wp-block-image\">\n<figure class=\"aligncenter size-large\"><a href=\"https:\/\/universvoyage.com\/wp-content\/uploads\/2023\/12\/4800175312499582510-Copier.jpg\" data-rel=\"lightbox-image-2\" data-rl_title=\"4S\u00e9ville. D\u00eener de S\u00e9villanes en robe traditionnelle.\" data-rl_caption=\"S\u00e9ville. D\u00eener de S\u00e9villanes en robe traditionnelle.\" title=\"4Seville. Sevillanas dinner in traditional dress.\"><img loading=\"lazy\" decoding=\"async\" width=\"1024\" height=\"680\" src=\"https:\/\/universvoyage.com\/wp-content\/uploads\/2023\/12\/4800175312499582510-Copier-1024x680.jpg\" alt=\"Seville. Sevillanas dinner in traditional dress. \" class=\"wp-image-4860\" srcset=\"https:\/\/universvoyage.com\/wp-content\/uploads\/2023\/12\/4800175312499582510-Copier-1024x680.jpg 1024w, https:\/\/universvoyage.com\/wp-content\/uploads\/2023\/12\/4800175312499582510-Copier-300x199.jpg 300w, https:\/\/universvoyage.com\/wp-content\/uploads\/2023\/12\/4800175312499582510-Copier-768x510.jpg 768w, https:\/\/universvoyage.com\/wp-content\/uploads\/2023\/12\/4800175312499582510-Copier-18x12.jpg 18w, https:\/\/universvoyage.com\/wp-content\/uploads\/2023\/12\/4800175312499582510-Copier-600x398.jpg 600w, https:\/\/universvoyage.com\/wp-content\/uploads\/2023\/12\/4800175312499582510-Copier-36x24.jpg 36w, https:\/\/universvoyage.com\/wp-content\/uploads\/2023\/12\/4800175312499582510-Copier.jpg 1157w\" sizes=\"auto, (max-width: 1024px) 100vw, 1024px\" \/><\/a><figcaption class=\"wp-element-caption\"><em>Seville. Dinner with Sevillanas in traditional dresses.<\/em> <\/figcaption><\/figure>\n<\/div>\n\n\n<p><br><em>\"Near the ramparts of Seville, at my friend Lillas Pastia's house, I'll be dancing the seguedilla and drinking manzanilla\".<\/em>Nowadays, it's the youth of Seville who flock to the tapas bars at night, strolling through the narrow streets and patios scented with orange blossom. Every evening, it's the same ritual. Slowly, the pavements and plazas overflow with drinkers of <em>&nbsp;<\/em>The city's monuments are bathed in a golden light that makes the lacy stonework of the Giralda and the cathedral stand out even more clearly. Seville is a night owl's paradise. Lovers take advantage of the darkness to embrace on the steps of the churches, and partygoers gather in the public spaces to party the night away. <em>botell\u00f3n<\/em> improvised parties. Thousands of young Spaniards have got into the habit of meeting up in the evening in the streets and squares of towns and cities to get together with friends and drink large quantities of alcohol. Before ending the night in a club or in one of the many bodegas in the trendy Triana district. This phenomenon, originally anecdotal in Seville, began in the 1990s. It developed completely separately from bars and other drinking establishments, but its gradual spread has made it a veritable social phenomenon. Now banned by law because they leave traces... <em>botell\u00f3n<\/em> However, it continues to attract many foreign students. Until the police went on a nightly 'sweep'!<br><\/p>\n\n\n<div class=\"wp-block-image\">\n<figure class=\"aligncenter size-large\"><a href=\"https:\/\/universvoyage.com\/wp-content\/uploads\/2023\/12\/B-Postel_Seville_procession-4_nov-2012-034-Copier.jpg\" data-rel=\"lightbox-image-3\" data-rl_title=\"S\u00e9ville. Procession de la Vierge du Rosaire.\" data-rl_caption=\"S\u00e9ville. Procession de la Vierge du Rosaire.\" title=\"Seville. Procession of the Virgin of the Rosary.\"><img loading=\"lazy\" decoding=\"async\" width=\"1024\" height=\"683\" src=\"https:\/\/universvoyage.com\/wp-content\/uploads\/2023\/12\/B-Postel_Seville_procession-4_nov-2012-034-Copier-1024x683.jpg\" alt=\"Seville. Procession of the Virgin of the Rosary.\" class=\"wp-image-4852\" srcset=\"https:\/\/universvoyage.com\/wp-content\/uploads\/2023\/12\/B-Postel_Seville_procession-4_nov-2012-034-Copier-1024x683.jpg 1024w, https:\/\/universvoyage.com\/wp-content\/uploads\/2023\/12\/B-Postel_Seville_procession-4_nov-2012-034-Copier-300x200.jpg 300w, https:\/\/universvoyage.com\/wp-content\/uploads\/2023\/12\/B-Postel_Seville_procession-4_nov-2012-034-Copier-768x512.jpg 768w, https:\/\/universvoyage.com\/wp-content\/uploads\/2023\/12\/B-Postel_Seville_procession-4_nov-2012-034-Copier-18x12.jpg 18w, https:\/\/universvoyage.com\/wp-content\/uploads\/2023\/12\/B-Postel_Seville_procession-4_nov-2012-034-Copier-600x400.jpg 600w, https:\/\/universvoyage.com\/wp-content\/uploads\/2023\/12\/B-Postel_Seville_procession-4_nov-2012-034-Copier-36x24.jpg 36w, https:\/\/universvoyage.com\/wp-content\/uploads\/2023\/12\/B-Postel_Seville_procession-4_nov-2012-034-Copier.jpg 1152w\" sizes=\"auto, (max-width: 1024px) 100vw, 1024px\" \/><\/a><figcaption class=\"wp-element-caption\"><em>Seville. Procession of the Virgin of the Rosary.<\/em><\/figcaption><\/figure>\n<\/div>\n\n\n<p>In this city, where every night is a night of the forbidden and the exuberant, religion and celebration go hand in hand. Sunday morning processions, magnified during Holy Week, virginal dresses in the many bridal shops, the clamour rising from the bullring at the Plaza de toros de la Maestranza, or <em>duende<\/em> of flamenco dancers who thrill Andalusians and tourists alike, everything here seems to magnify life and death.<br><\/p>\n\n\n<div class=\"wp-block-image\">\n<figure class=\"aligncenter size-large is-resized\"><a href=\"https:\/\/universvoyage.com\/wp-content\/uploads\/2023\/12\/4778344642926783471-Copier.jpg\" data-rel=\"lightbox-image-4\" data-rl_title=\"&#8211; La robe s\u00e9villane ou flamenco constitue l\u2019un des fondements les plus frappants et les plus caract\u00e9ristiques de cet art qui a travers\u00e9 les fronti\u00e8res.\" data-rl_caption=\"La robe s\u00e9villane ou flamenco constitue l\u2019un des fondements les plus frappants et les plus caract\u00e9ristiques de cet art qui a travers\u00e9 les fronti\u00e8res.\" title=\"- The Sevillian or flamenco dress is one of the most striking and characteristic features of this art form that has crossed frontiers.\"><img loading=\"lazy\" decoding=\"async\" width=\"1024\" height=\"681\" src=\"https:\/\/universvoyage.com\/wp-content\/uploads\/2023\/12\/4778344642926783471-Copier-1024x681.jpg\" alt=\" The Sevillian or flamenco dress is one of the most striking and characteristic features of this art form that has crossed frontiers.\" class=\"wp-image-4864\" style=\"width:840px;height:auto\" srcset=\"https:\/\/universvoyage.com\/wp-content\/uploads\/2023\/12\/4778344642926783471-Copier-1024x681.jpg 1024w, https:\/\/universvoyage.com\/wp-content\/uploads\/2023\/12\/4778344642926783471-Copier-300x200.jpg 300w, https:\/\/universvoyage.com\/wp-content\/uploads\/2023\/12\/4778344642926783471-Copier-768x511.jpg 768w, https:\/\/universvoyage.com\/wp-content\/uploads\/2023\/12\/4778344642926783471-Copier-18x12.jpg 18w, https:\/\/universvoyage.com\/wp-content\/uploads\/2023\/12\/4778344642926783471-Copier-600x399.jpg 600w, https:\/\/universvoyage.com\/wp-content\/uploads\/2023\/12\/4778344642926783471-Copier-36x24.jpg 36w, https:\/\/universvoyage.com\/wp-content\/uploads\/2023\/12\/4778344642926783471-Copier.jpg 1154w\" sizes=\"auto, (max-width: 1024px) 100vw, 1024px\" \/><\/a><figcaption class=\"wp-element-caption\"> <em>Sevillian dress is one of the most striking and distinctive features of this art form, which has crossed frontiers.<\/em><\/figcaption><\/figure>\n<\/div>\n\n\n<p>Don't hesitate to visit the museum-school run by Cristina Hoyos, a pupil and partner of Antonio Gad\u00e8s, who passes on this fusion dance to dancers from all over the world. The quality of the artists will blow you away. A global showcase for flamenco art, the Bienal in September remains a major tourist and cultural attraction.<\/p>\n\n\n\n<h2 class=\"wp-block-heading\" id=\"h-un-patrimoine-exceptionnel\"><span class=\"ez-toc-section\" id=\"Un_patrimoine_exceptionnel\"><\/span><strong>An exceptional heritage<\/strong><span class=\"ez-toc-section-end\"><\/span><\/h2>\n\n\n<div class=\"wp-block-image\">\n<figure class=\"aligncenter size-full\"><a href=\"https:\/\/universvoyage.com\/wp-content\/uploads\/2023\/12\/4100844-Copier.jpg\" data-rel=\"lightbox-image-5\" data-rl_title=\"S\u00e9ville. Fa\u00e7ades et balcons typiques de l&rsquo;Andalousie.\" data-rl_caption=\"S\u00e9ville. Fa\u00e7ades et balcons typiques de l&#039;Andalousie.\" title=\"Seville. Typical Andalusian facades and balconies.\"><img loading=\"lazy\" decoding=\"async\" width=\"981\" height=\"768\" src=\"https:\/\/universvoyage.com\/wp-content\/uploads\/2023\/12\/4100844-Copier.jpg\" alt=\"Seville. Typical Andalusian facades and balconies.\" class=\"wp-image-4841\" srcset=\"https:\/\/universvoyage.com\/wp-content\/uploads\/2023\/12\/4100844-Copier.jpg 981w, https:\/\/universvoyage.com\/wp-content\/uploads\/2023\/12\/4100844-Copier-300x235.jpg 300w, https:\/\/universvoyage.com\/wp-content\/uploads\/2023\/12\/4100844-Copier-768x601.jpg 768w, https:\/\/universvoyage.com\/wp-content\/uploads\/2023\/12\/4100844-Copier-15x12.jpg 15w, https:\/\/universvoyage.com\/wp-content\/uploads\/2023\/12\/4100844-Copier-90x70.jpg 90w, https:\/\/universvoyage.com\/wp-content\/uploads\/2023\/12\/4100844-Copier-600x470.jpg 600w, https:\/\/universvoyage.com\/wp-content\/uploads\/2023\/12\/4100844-Copier-31x24.jpg 31w, https:\/\/universvoyage.com\/wp-content\/uploads\/2023\/12\/4100844-Copier-180x140.jpg 180w\" sizes=\"auto, (max-width: 981px) 100vw, 981px\" \/><\/a><figcaption class=\"wp-element-caption\"><em>Seville. Typical Andalusian facades and balconies.<\/em><\/figcaption><\/figure>\n<\/div>\n\n\n<p><br>The best way to get to grips with this city of theatre and its historical and cultural heritage is to wander through the labyrinth of pedestrianised streets in the old Jewish quarter of Santa Cruz, the heart and soul of historic Seville. The city centre is a labyrinth of narrow streets and passageways, where you can enjoy a pleasant stroll or sample tapas in one of the district's many restaurants or bodegas. A visit to the cathedral, built on the site of an Almohad mosque, is a must. <\/p>\n\n\n\n<p><\/p>\n\n\n<div class=\"wp-block-image\">\n<figure class=\"aligncenter size-full\"><a href=\"https:\/\/universvoyage.com\/wp-content\/uploads\/2023\/12\/5933252182840925327-Copier.jpg\" data-rel=\"lightbox-image-6\" data-rl_title=\"Cath\u00e9drale de S\u00e9ville illumin\u00e9e. L\u2019\u00e9difice islamique d\u00e9grad\u00e9 a \u00e9t\u00e9 remplac\u00e9 par une construction gothique au XVe si\u00e8cle.\" data-rl_caption=\"Cath\u00e9drale de S\u00e9ville illumin\u00e9e. L\u2019\u00e9difice islamique d\u00e9grad\u00e9 a \u00e9t\u00e9 remplac\u00e9 par une construction gothique au XVe si\u00e8cle.\" title=\"Seville Cathedral illuminated. The damaged Islamic building was replaced by a Gothic structure in the 15th century.\"><img loading=\"lazy\" decoding=\"async\" width=\"502\" height=\"768\" src=\"https:\/\/universvoyage.com\/wp-content\/uploads\/2023\/12\/5933252182840925327-Copier.jpg\" alt=\"Seville Cathedral illuminated. The damaged Islamic building was replaced by a Gothic structure in the 15th century.\" class=\"wp-image-4861\" srcset=\"https:\/\/universvoyage.com\/wp-content\/uploads\/2023\/12\/5933252182840925327-Copier.jpg 502w, https:\/\/universvoyage.com\/wp-content\/uploads\/2023\/12\/5933252182840925327-Copier-196x300.jpg 196w, https:\/\/universvoyage.com\/wp-content\/uploads\/2023\/12\/5933252182840925327-Copier-8x12.jpg 8w, https:\/\/universvoyage.com\/wp-content\/uploads\/2023\/12\/5933252182840925327-Copier-392x600.jpg 392w, https:\/\/universvoyage.com\/wp-content\/uploads\/2023\/12\/5933252182840925327-Copier-16x24.jpg 16w\" sizes=\"auto, (max-width: 502px) 100vw, 502px\" \/><\/a><figcaption class=\"wp-element-caption\"><em>Seville Cathedral illuminated. The damaged Islamic building was replaced by a Gothic structure in the 15th century.<\/em><\/figcaption><\/figure>\n<\/div>\n\n\n<p>It was during the 12th century that the Almohads, a Muslim dynasty of Berber origin, built the Great Mosque of Seville. After the Christian conquest of the city, construction began on the cathedral on the site of the mosque itself. The monument was begun in 1401 and completed after more than a century of work. At 116 metres long and 76 metres wide, Seville Cathedral is the largest Gothic cathedral in the world. It was declared a World Heritage Site by UNESCO in 1987.<\/p>\n\n\n<div class=\"wp-block-image\">\n<figure class=\"aligncenter size-full\"><a href=\"https:\/\/universvoyage.com\/wp-content\/uploads\/2023\/12\/4101017-Copier.jpg\" data-rel=\"lightbox-image-7\" data-rl_title=\"S\u00e9ville. L&rsquo;ancien minaret de la mosqu\u00e9e almohade de S\u00e9ville, la Giralda est aujourd\u2019hui devenue le clocher de la Cath\u00e9drale. Elle mesure 101m de haut en comptant la girouette.\" data-rl_caption=\"S\u00e9ville. L&#039;ancien minaret de la mosqu\u00e9e almohade de S\u00e9ville, la Giralda est aujourd\u2019hui devenue le clocher de la Cath\u00e9drale. Elle mesure 101m de haut en comptant la girouette.\" title=\"Seville. The Giralda, the former minaret of Seville&#039;s Almohad mosque, is now the bell tower of the Cathedral. It is 101 metres high, including the weather vane.\"><img loading=\"lazy\" decoding=\"async\" width=\"569\" height=\"768\" src=\"https:\/\/universvoyage.com\/wp-content\/uploads\/2023\/12\/4101017-Copier.jpg\" alt=\"Seville. The Giralda, the former minaret of Seville&#039;s Almohad mosque, is now the bell tower of the Cathedral. It is 101 metres high, including the weather vane.\" class=\"wp-image-4843\" srcset=\"https:\/\/universvoyage.com\/wp-content\/uploads\/2023\/12\/4101017-Copier.jpg 569w, https:\/\/universvoyage.com\/wp-content\/uploads\/2023\/12\/4101017-Copier-222x300.jpg 222w, https:\/\/universvoyage.com\/wp-content\/uploads\/2023\/12\/4101017-Copier-9x12.jpg 9w, https:\/\/universvoyage.com\/wp-content\/uploads\/2023\/12\/4101017-Copier-445x600.jpg 445w, https:\/\/universvoyage.com\/wp-content\/uploads\/2023\/12\/4101017-Copier-18x24.jpg 18w\" sizes=\"auto, (max-width: 569px) 100vw, 569px\" \/><\/a><figcaption class=\"wp-element-caption\"><em>Seville. The Giralda, the former minaret of Seville's Almohad mosque, is now the bell tower of the Cathedral. It is 101 metres high, including the weather vane.<\/em><\/figcaption><\/figure>\n<\/div>\n\n\n<p>The minaret, the Giralda (giraldillo is the Spanish word for weather vane), <em>\"giraldillo<\/em>(hence its name), has become the cathedral's bell tower and the symbol of the city. It is topped by a colossal bronze sculpture that Cervantes's Don Quixote described as \"the most beautiful thing in the world\". <em>\"Seville's giant<\/em>\" . It has two brick towers, one on the outside, the other on the inside. Following the typology of Almohad minarets, its exterior facades are decorated with&nbsp;<em>sebka<\/em>This is a sort of brick lacework, with multi-lobed arches. From the top of the old minaret, you can see a colourful picture stretching far out over the river. Down below, take a break in the Patio de los Naranjos: the courtyard of orange trees, formerly the mosque's ablutions courtyard. <\/p>\n\n\n\n<p><\/p>\n\n\n<div class=\"wp-block-image\">\n<figure class=\"aligncenter size-large\"><a href=\"https:\/\/universvoyage.com\/wp-content\/uploads\/2023\/12\/MG_0668-Copier.jpg\" data-rel=\"lightbox-image-8\" data-rl_title=\"S\u00e9ville. Alcazar. Patio de las Doncellas. C\u2019est un patio de forme rectangulaire qui pr\u00e9sente une s\u00e9rie d\u2019arcs lobulaires mont\u00e9s dur des doubles colonnes de marbre au rez-de-chauss\u00e9e, et \u00e0 l\u2019\u00e9tage sup\u00e9rieur, une arcade sur de`petites colonnes ioniennes en marbre, avec une balustrade qui fut rajout\u00e9e vers 1540, sous le r\u00e8gne de Charles Quint.\" data-rl_caption=\"S\u00e9ville. Alcazar. Patio de las Doncellas. C\u2019est un patio de forme rectangulaire qui pr\u00e9sente une s\u00e9rie d\u2019arcs lobulaires mont\u00e9s dur des doubles colonnes de marbre au rez-de-chauss\u00e9e, et \u00e0 l\u2019\u00e9tage sup\u00e9rieur, une arcade sur de`petites colonnes ioniennes en marbre, avec une balustrade qui fut rajout\u00e9e vers 1540, sous le r\u00e8gne de Charles Quint.\" title=\"Seville. Alcazar. Patio de las Doncellas. This is a rectangular courtyard with a series of lobular arches supported by double marble columns on the ground floor and, on the upper floor, an arcade supported by small marble Ionian columns, with a balustrade that was added around 1540, during the reign of Charles V.\"><img loading=\"lazy\" decoding=\"async\" width=\"1024\" height=\"683\" src=\"https:\/\/universvoyage.com\/wp-content\/uploads\/2023\/12\/MG_0668-Copier-1024x683.jpg\" alt=\"Seville. Alcazar. Patio de las Doncellas. This is a rectangular courtyard with a series of lobular arches supported by double marble columns on the ground floor and, on the upper floor, an arcade supported by small marble Ionian columns, with a balustrade that was added around 1540, during the reign of Charles V.\" class=\"wp-image-4839\" srcset=\"https:\/\/universvoyage.com\/wp-content\/uploads\/2023\/12\/MG_0668-Copier-1024x683.jpg 1024w, https:\/\/universvoyage.com\/wp-content\/uploads\/2023\/12\/MG_0668-Copier-300x200.jpg 300w, https:\/\/universvoyage.com\/wp-content\/uploads\/2023\/12\/MG_0668-Copier-768x512.jpg 768w, https:\/\/universvoyage.com\/wp-content\/uploads\/2023\/12\/MG_0668-Copier-18x12.jpg 18w, https:\/\/universvoyage.com\/wp-content\/uploads\/2023\/12\/MG_0668-Copier-600x400.jpg 600w, https:\/\/universvoyage.com\/wp-content\/uploads\/2023\/12\/MG_0668-Copier-36x24.jpg 36w, https:\/\/universvoyage.com\/wp-content\/uploads\/2023\/12\/MG_0668-Copier.jpg 1152w\" sizes=\"auto, (max-width: 1024px) 100vw, 1024px\" \/><\/a><figcaption class=\"wp-element-caption\"><em>Seville. Alcazar. Patio de las Doncellas. A rectangular courtyard with a series of lobular arches supported by double marble columns on the ground floor and, on the upper floor, an arcade supported by small Ionian marble columns, with a balustrade that was added around 1540, during the reign of Charles V.<\/em><\/figcaption><\/figure>\n<\/div>\n\n\n<p>The walls of the Alc\u00e1zar royal palace protect the district. Its origins date back to the 11th century, when the Muslim authorities decided to build a fortress in a strategic area of Seville to guarantee their security. The walled enclosure of the Alc\u00e1zar is made up of various palaces and gardens designed at different times. The palace was modified on several occasions, in line with the monarchs who resided there. Hence the great variety of styles, combining characteristic elements of Islamic, Gothic, Renaissance, Baroque and Romantic art, as well as fine examples of Mud\u00e9jar style.<br>Inside, you'll never tire of admiring the magnificent flats of Isabella the Catholic and Charles V, decorated with azulejos. <\/p>\n\n\n<div class=\"wp-block-image\">\n<figure class=\"aligncenter size-large is-resized\"><a href=\"https:\/\/universvoyage.com\/wp-content\/uploads\/2023\/12\/B-Postel_Seville3-024-Copier.jpg\" data-rel=\"lightbox-image-9\" data-rl_title=\"S\u00e9ville. Alcazar. Salon de Charles Quin. Azulejos repr\u00e9sentant un hibou harcel\u00e9 par deux oiseaux.\" data-rl_caption=\"S\u00e9ville. Alcazar. Salon de Charles Quin. Azulejos repr\u00e9sentant un hibou harcel\u00e9 par deux oiseaux.\" title=\"Seville. Alcazar. Drawing room of Charles Quin. Azulejos depicting an owl being harassed by two birds.\"><img loading=\"lazy\" decoding=\"async\" width=\"1024\" height=\"683\" src=\"https:\/\/universvoyage.com\/wp-content\/uploads\/2023\/12\/B-Postel_Seville3-024-Copier-1024x683.jpg\" alt=\"Seville. Alcazar. Drawing room of Charles Quin. Azulejos depicting an owl being harassed by two birds.\" class=\"wp-image-4833\" style=\"width:840px;height:auto\" srcset=\"https:\/\/universvoyage.com\/wp-content\/uploads\/2023\/12\/B-Postel_Seville3-024-Copier-1024x683.jpg 1024w, https:\/\/universvoyage.com\/wp-content\/uploads\/2023\/12\/B-Postel_Seville3-024-Copier-300x200.jpg 300w, https:\/\/universvoyage.com\/wp-content\/uploads\/2023\/12\/B-Postel_Seville3-024-Copier-768x512.jpg 768w, https:\/\/universvoyage.com\/wp-content\/uploads\/2023\/12\/B-Postel_Seville3-024-Copier-18x12.jpg 18w, https:\/\/universvoyage.com\/wp-content\/uploads\/2023\/12\/B-Postel_Seville3-024-Copier-600x400.jpg 600w, https:\/\/universvoyage.com\/wp-content\/uploads\/2023\/12\/B-Postel_Seville3-024-Copier-36x24.jpg 36w, https:\/\/universvoyage.com\/wp-content\/uploads\/2023\/12\/B-Postel_Seville3-024-Copier.jpg 1152w\" sizes=\"auto, (max-width: 1024px) 100vw, 1024px\" \/><\/a><figcaption class=\"wp-element-caption\"><em>Seville. Alcazar. Hall of Charles V. Azulejos depicting two owls being harassed by two birds.<\/em><\/figcaption><\/figure>\n<\/div>\n\n\n<p>In the famous gardens, stroll through a labyrinth decorated with mosaics, planted with myrtle, orange and lemon trees and murmuring with refreshing fountains.<\/p>\n\n\n<div class=\"wp-block-image\">\n<figure class=\"aligncenter size-full\"><a href=\"https:\/\/universvoyage.com\/wp-content\/uploads\/2023\/12\/1204261545410123412-Copier.jpg\" data-rel=\"lightbox-image-10\" data-rl_title=\"S\u00e9ville. Porte du jardin des Dames dans l&rsquo;Alcazar de S\u00e9ville.\" data-rl_caption=\"S\u00e9ville. Porte du jardin des Dames dans l&#039;Alcazar de S\u00e9ville.\" title=\"Seville. Door to the Ladies&#039; Garden in Seville&#039;s Alcazar.\"><img loading=\"lazy\" decoding=\"async\" width=\"506\" height=\"768\" src=\"https:\/\/universvoyage.com\/wp-content\/uploads\/2023\/12\/1204261545410123412-Copier.jpg\" alt=\"Seville. Door to the Ladies&#039; Garden in Seville&#039;s Alcazar. \" class=\"wp-image-4866\" srcset=\"https:\/\/universvoyage.com\/wp-content\/uploads\/2023\/12\/1204261545410123412-Copier.jpg 506w, https:\/\/universvoyage.com\/wp-content\/uploads\/2023\/12\/1204261545410123412-Copier-198x300.jpg 198w, https:\/\/universvoyage.com\/wp-content\/uploads\/2023\/12\/1204261545410123412-Copier-8x12.jpg 8w, https:\/\/universvoyage.com\/wp-content\/uploads\/2023\/12\/1204261545410123412-Copier-395x600.jpg 395w, https:\/\/universvoyage.com\/wp-content\/uploads\/2023\/12\/1204261545410123412-Copier-16x24.jpg 16w\" sizes=\"auto, (max-width: 506px) 100vw, 506px\" \/><\/a><figcaption class=\"wp-element-caption\"><em>Seville. Door to the Ladies' Garden in Seville's Alcazar. <\/em><\/figcaption><\/figure>\n<\/div>\n\n\n<p><br>You can then go on to the bullring, one of the oldest in Spain. <\/p>\n\n\n<div class=\"wp-block-image\">\n<figure class=\"aligncenter size-large is-resized\"><a href=\"https:\/\/universvoyage.com\/wp-content\/uploads\/2023\/12\/B-Postel_arenes_Seville2-035-Copier.jpg\" data-rel=\"lightbox-image-11\" data-rl_title=\"Porte d&rsquo;entr\u00e9e des Ar\u00e8nes de la Royale Maestranza de Caballer\u00eda de S\u00e9ville sont avec celles de Madrid les plus importantes d&rsquo;Espagne.\" data-rl_caption=\"Porte d&#039;entr\u00e9e des Ar\u00e8nes de la Royale Maestranza de Caballer\u00eda de S\u00e9ville sont avec celles de Madrid les plus importantes d&#039;Espagne.\" title=\"The entrance to the Royal Maestranza de Caballer\u00eda bullring in Seville is, along with the Madrid bullring, the most important in Spain.\"><img loading=\"lazy\" decoding=\"async\" width=\"1024\" height=\"683\" src=\"https:\/\/universvoyage.com\/wp-content\/uploads\/2023\/12\/B-Postel_arenes_Seville2-035-Copier-1024x683.jpg\" alt=\"The entrance to the Royal Maestranza de Caballer\u00eda bullring in Seville is, along with the Madrid bullring, the most important in Spain.\" class=\"wp-image-4846\" style=\"width:837px;height:auto\" srcset=\"https:\/\/universvoyage.com\/wp-content\/uploads\/2023\/12\/B-Postel_arenes_Seville2-035-Copier-1024x683.jpg 1024w, https:\/\/universvoyage.com\/wp-content\/uploads\/2023\/12\/B-Postel_arenes_Seville2-035-Copier-300x200.jpg 300w, https:\/\/universvoyage.com\/wp-content\/uploads\/2023\/12\/B-Postel_arenes_Seville2-035-Copier-768x512.jpg 768w, https:\/\/universvoyage.com\/wp-content\/uploads\/2023\/12\/B-Postel_arenes_Seville2-035-Copier-18x12.jpg 18w, https:\/\/universvoyage.com\/wp-content\/uploads\/2023\/12\/B-Postel_arenes_Seville2-035-Copier-600x400.jpg 600w, https:\/\/universvoyage.com\/wp-content\/uploads\/2023\/12\/B-Postel_arenes_Seville2-035-Copier-36x24.jpg 36w, https:\/\/universvoyage.com\/wp-content\/uploads\/2023\/12\/B-Postel_arenes_Seville2-035-Copier.jpg 1152w\" sizes=\"auto, (max-width: 1024px) 100vw, 1024px\" \/><\/a><figcaption class=\"wp-element-caption\"><em>The entrance to the Royal Maestranza de Caballer\u00eda bullring in Seville is, along with the Madrid bullring, the most important in Spain.<\/em><\/figcaption><\/figure>\n<\/div>\n\n\n<p>We prefer the museum <em>des Bellas Artes<\/em> which houses masterpieces by Murillo and Zurbaran. Or simply wander the streets, taking in the small squares and flower-filled patios.<\/p>\n\n\n\n<h2 class=\"wp-block-heading\" id=\"h-palais-de-la-comtesse-de-lebrija\"><span class=\"ez-toc-section\" id=\"Palais_de_la_Comtesse_de_Lebrija\"><\/span><strong>Palace of the Countess of Lebrija<\/strong><span class=\"ez-toc-section-end\"><\/span><\/h2>\n\n\n\n<p><\/p>\n\n\n<div class=\"wp-block-image\">\n<figure class=\"aligncenter size-large\"><a href=\"https:\/\/universvoyage.com\/wp-content\/uploads\/2023\/12\/B-Postel_Seville_Palais-de-la-contesse-de-Lebrija_-4_nov-2012-003-Copier.jpg\" data-rel=\"lightbox-image-12\" data-rl_title=\"S\u00e9ville. Palais de la comtesse de Lebrija. Son patio est pav\u00e9 des mosa\u00efques romaines extraites d\u2019It\u00e1lica.\" data-rl_caption=\"S\u00e9ville. Palais de la comtesse de Lebrija. Son patio est pav\u00e9 des mosa\u00efques romaines extraites d\u2019It\u00e1lica.\" title=\"Seville. Palace of the Countess of Lebrija. Its patio is paved with Roman mosaics from It\u00e1lica.\"><img loading=\"lazy\" decoding=\"async\" width=\"1024\" height=\"683\" src=\"https:\/\/universvoyage.com\/wp-content\/uploads\/2023\/12\/B-Postel_Seville_Palais-de-la-contesse-de-Lebrija_-4_nov-2012-003-Copier-1024x683.jpg\" alt=\"Seville. Palace of the Countess of Lebrija. Its patio is paved with Roman mosaics from It\u00e1lica.\" class=\"wp-image-4851\" srcset=\"https:\/\/universvoyage.com\/wp-content\/uploads\/2023\/12\/B-Postel_Seville_Palais-de-la-contesse-de-Lebrija_-4_nov-2012-003-Copier-1024x683.jpg 1024w, https:\/\/universvoyage.com\/wp-content\/uploads\/2023\/12\/B-Postel_Seville_Palais-de-la-contesse-de-Lebrija_-4_nov-2012-003-Copier-300x200.jpg 300w, https:\/\/universvoyage.com\/wp-content\/uploads\/2023\/12\/B-Postel_Seville_Palais-de-la-contesse-de-Lebrija_-4_nov-2012-003-Copier-768x512.jpg 768w, https:\/\/universvoyage.com\/wp-content\/uploads\/2023\/12\/B-Postel_Seville_Palais-de-la-contesse-de-Lebrija_-4_nov-2012-003-Copier-18x12.jpg 18w, https:\/\/universvoyage.com\/wp-content\/uploads\/2023\/12\/B-Postel_Seville_Palais-de-la-contesse-de-Lebrija_-4_nov-2012-003-Copier-600x400.jpg 600w, https:\/\/universvoyage.com\/wp-content\/uploads\/2023\/12\/B-Postel_Seville_Palais-de-la-contesse-de-Lebrija_-4_nov-2012-003-Copier-36x24.jpg 36w, https:\/\/universvoyage.com\/wp-content\/uploads\/2023\/12\/B-Postel_Seville_Palais-de-la-contesse-de-Lebrija_-4_nov-2012-003-Copier.jpg 1152w\" sizes=\"auto, (max-width: 1024px) 100vw, 1024px\" \/><\/a><figcaption class=\"wp-element-caption\"><em>Seville. Palace of the Countess of Lebrija. Its patio is paved with Roman mosaics from It\u00e1lica.<\/em><\/figcaption><\/figure>\n<\/div>\n\n\n<p>On the other bank of the Guadalquivir, the Triana district has retained the popular atmosphere of Old Seville. This is where the palace of the Countess of Lebrija stands. A stately home in the 16th century, the palace is one of the jewels of Seville. In 1901, it became the property of Regla Manj\u00f3n Mergelina, Countess of Lebrija, who restored it and converted it to house antiques. During her lifetime, the Countess filled an entire palace with a collection of art, archaeological remains, amphorae, furniture and beautiful mosaics. The walls are beautifully decorated, with Arab arches and an Andalusian fa\u00e7ade; a fine city palace to visit.<\/p>\n\n\n\n<p><\/p>\n\n\n<div class=\"wp-block-image\">\n<figure class=\"aligncenter size-large\"><a href=\"https:\/\/universvoyage.com\/wp-content\/uploads\/2023\/12\/B-Postel_Palais-de-Lebrija-dans-le-quartier-de-Triana_escalier-decore-dazulejos-du-16e-et-17-e_Seville-4_nov-2012-016-Copier.jpg\" data-rel=\"lightbox-image-13\" data-rl_title=\"S\u00e9ville. Palais de Lebrija dans le quartier de Triana escalier decor\u00e9 d&rsquo;azulejos du 16e et 17e.\" data-rl_caption=\"S\u00e9ville. Palais de Lebrija dans le quartier de Triana escalier decor\u00e9 d&#039;azulejos du 16e et 17e.\" title=\"Seville. Lebrija Palace in the Triana district, staircase decorated with 16th and 17th century azulejos.\"><img loading=\"lazy\" decoding=\"async\" width=\"1024\" height=\"683\" src=\"https:\/\/universvoyage.com\/wp-content\/uploads\/2023\/12\/B-Postel_Palais-de-Lebrija-dans-le-quartier-de-Triana_escalier-decore-dazulejos-du-16e-et-17-e_Seville-4_nov-2012-016-Copier-1024x683.jpg\" alt=\"Seville. Lebrija Palace in the Triana district, staircase decorated with 16th and 17th century azulejos.\" class=\"wp-image-4848\" srcset=\"https:\/\/universvoyage.com\/wp-content\/uploads\/2023\/12\/B-Postel_Palais-de-Lebrija-dans-le-quartier-de-Triana_escalier-decore-dazulejos-du-16e-et-17-e_Seville-4_nov-2012-016-Copier-1024x683.jpg 1024w, https:\/\/universvoyage.com\/wp-content\/uploads\/2023\/12\/B-Postel_Palais-de-Lebrija-dans-le-quartier-de-Triana_escalier-decore-dazulejos-du-16e-et-17-e_Seville-4_nov-2012-016-Copier-300x200.jpg 300w, https:\/\/universvoyage.com\/wp-content\/uploads\/2023\/12\/B-Postel_Palais-de-Lebrija-dans-le-quartier-de-Triana_escalier-decore-dazulejos-du-16e-et-17-e_Seville-4_nov-2012-016-Copier-768x512.jpg 768w, https:\/\/universvoyage.com\/wp-content\/uploads\/2023\/12\/B-Postel_Palais-de-Lebrija-dans-le-quartier-de-Triana_escalier-decore-dazulejos-du-16e-et-17-e_Seville-4_nov-2012-016-Copier-18x12.jpg 18w, https:\/\/universvoyage.com\/wp-content\/uploads\/2023\/12\/B-Postel_Palais-de-Lebrija-dans-le-quartier-de-Triana_escalier-decore-dazulejos-du-16e-et-17-e_Seville-4_nov-2012-016-Copier-600x400.jpg 600w, https:\/\/universvoyage.com\/wp-content\/uploads\/2023\/12\/B-Postel_Palais-de-Lebrija-dans-le-quartier-de-Triana_escalier-decore-dazulejos-du-16e-et-17-e_Seville-4_nov-2012-016-Copier-36x24.jpg 36w, https:\/\/universvoyage.com\/wp-content\/uploads\/2023\/12\/B-Postel_Palais-de-Lebrija-dans-le-quartier-de-Triana_escalier-decore-dazulejos-du-16e-et-17-e_Seville-4_nov-2012-016-Copier.jpg 1152w\" sizes=\"auto, (max-width: 1024px) 100vw, 1024px\" \/><\/a><figcaption class=\"wp-element-caption\"><em>Seville. Lebrija Palace in the Triana district. Staircase decorated with 16th and 17th century azulejos.<\/em><\/figcaption><\/figure>\n<\/div>\n\n<div class=\"wp-block-image\">\n<figure class=\"aligncenter size-large\"><a href=\"https:\/\/universvoyage.com\/wp-content\/uploads\/2023\/12\/B-Postel_Seville-galerie-du-palais-de-la-contesse-Lebrija_4_nov-2012-008-Copier.jpg\" data-rel=\"lightbox-image-14\" data-rl_title=\"S\u00e9ville. Galerie couverte du palais de la comtesse Lebrija.\" data-rl_caption=\"S\u00e9ville. Galerie couverte du palais de la comtesse Lebrija.\" title=\"Seville. Covered gallery of Countess Lebrija&#039;s palace.\"><img loading=\"lazy\" decoding=\"async\" width=\"1024\" height=\"683\" src=\"https:\/\/universvoyage.com\/wp-content\/uploads\/2023\/12\/B-Postel_Seville-galerie-du-palais-de-la-contesse-Lebrija_4_nov-2012-008-Copier-1024x683.jpg\" alt=\"Seville. Covered gallery of Countess Lebrija&#039;s palace. \" class=\"wp-image-4850\" srcset=\"https:\/\/universvoyage.com\/wp-content\/uploads\/2023\/12\/B-Postel_Seville-galerie-du-palais-de-la-contesse-Lebrija_4_nov-2012-008-Copier-1024x683.jpg 1024w, https:\/\/universvoyage.com\/wp-content\/uploads\/2023\/12\/B-Postel_Seville-galerie-du-palais-de-la-contesse-Lebrija_4_nov-2012-008-Copier-300x200.jpg 300w, https:\/\/universvoyage.com\/wp-content\/uploads\/2023\/12\/B-Postel_Seville-galerie-du-palais-de-la-contesse-Lebrija_4_nov-2012-008-Copier-768x512.jpg 768w, https:\/\/universvoyage.com\/wp-content\/uploads\/2023\/12\/B-Postel_Seville-galerie-du-palais-de-la-contesse-Lebrija_4_nov-2012-008-Copier-18x12.jpg 18w, https:\/\/universvoyage.com\/wp-content\/uploads\/2023\/12\/B-Postel_Seville-galerie-du-palais-de-la-contesse-Lebrija_4_nov-2012-008-Copier-600x400.jpg 600w, https:\/\/universvoyage.com\/wp-content\/uploads\/2023\/12\/B-Postel_Seville-galerie-du-palais-de-la-contesse-Lebrija_4_nov-2012-008-Copier-36x24.jpg 36w, https:\/\/universvoyage.com\/wp-content\/uploads\/2023\/12\/B-Postel_Seville-galerie-du-palais-de-la-contesse-Lebrija_4_nov-2012-008-Copier.jpg 1152w\" sizes=\"auto, (max-width: 1024px) 100vw, 1024px\" \/><\/a><figcaption class=\"wp-element-caption\">Seville. Covered gallery of Countess Lebrija's palace. <\/figcaption><\/figure>\n<\/div>\n\n\n<p><br>Calle de San Jacinto is the main shopping street in the district. It leads into Calle Alfarer\u00eda, where potters' workshops continue to work in the traditional Triana ceramic style. The whole of Calle Castilla leads into the Alle de la Inquisici\u00f3n, where the patios of the houses are overflowing with flowers.<\/p>\n\n\n<div class=\"wp-block-image\">\n<figure class=\"aligncenter size-large\"><a href=\"https:\/\/universvoyage.com\/wp-content\/uploads\/2023\/12\/B-Postel_Seville3-032-Copier.jpg\" data-rel=\"lightbox-image-15\" data-rl_title=\"S\u00e9ville. Patio fleuri dans le quartier de Triana.\" data-rl_caption=\"S\u00e9ville. Patio fleuri dans le quartier de Triana.\" title=\"Seville. Flower-filled patio in the Triana district.\"><img loading=\"lazy\" decoding=\"async\" width=\"1024\" height=\"683\" src=\"https:\/\/universvoyage.com\/wp-content\/uploads\/2023\/12\/B-Postel_Seville3-032-Copier-1024x683.jpg\" alt=\"Seville. Flower-filled patio in the Triana district.\" class=\"wp-image-4853\" srcset=\"https:\/\/universvoyage.com\/wp-content\/uploads\/2023\/12\/B-Postel_Seville3-032-Copier-1024x683.jpg 1024w, https:\/\/universvoyage.com\/wp-content\/uploads\/2023\/12\/B-Postel_Seville3-032-Copier-300x200.jpg 300w, https:\/\/universvoyage.com\/wp-content\/uploads\/2023\/12\/B-Postel_Seville3-032-Copier-768x512.jpg 768w, https:\/\/universvoyage.com\/wp-content\/uploads\/2023\/12\/B-Postel_Seville3-032-Copier-18x12.jpg 18w, https:\/\/universvoyage.com\/wp-content\/uploads\/2023\/12\/B-Postel_Seville3-032-Copier-600x400.jpg 600w, https:\/\/universvoyage.com\/wp-content\/uploads\/2023\/12\/B-Postel_Seville3-032-Copier-36x24.jpg 36w, https:\/\/universvoyage.com\/wp-content\/uploads\/2023\/12\/B-Postel_Seville3-032-Copier.jpg 1152w\" sizes=\"auto, (max-width: 1024px) 100vw, 1024px\" \/><\/a><figcaption class=\"wp-element-caption\"><em>Seville. Flower-filled patio in the Triana district.<\/em><\/figcaption><\/figure>\n<\/div>\n\n\n<p><\/p>\n\n\n\n<p><\/p>\n\n\n\n<p>To the south of Santa Cruz, the 400,000 m\u00b2 Parc Mar\u00eda Luisa is a favourite place for Sevillians to stroll and relax. It was once part of the Palacio San Telmo, and is named after the Infanta Maria Luisa Ferdinand of Orleans, who made a gift of it to the city in 1893. The park is criss-crossed by long avenues bearing the names of famous conquistadores. <\/p>\n\n\n<div class=\"wp-block-image\">\n<figure class=\"aligncenter size-full\"><a href=\"https:\/\/universvoyage.com\/wp-content\/uploads\/2023\/12\/3150268332012693504-Copier.jpg\" data-rel=\"lightbox-image-16\" data-rl_title=\"S\u00e9ville. Con\u00e7ue en 1914 pour l&rsquo;Exposition ib\u00e9ro-am\u00e9ricaine de 1929 par l&rsquo;architecte An\u00edbal Gonz\u00e1lez et continu\u00e9e par Pedro S\u00e1nchez N\u00fa\u00f1ez en 1926, sa construction a n\u00e9cessit\u00e9 1000 hommes.\" data-rl_caption=\"S\u00e9ville. Con\u00e7ue en 1914 pour l&#039;Exposition ib\u00e9ro-am\u00e9ricaine de 1929 par l&#039;architecte An\u00edbal Gonz\u00e1lez et continu\u00e9e par Pedro S\u00e1nchez N\u00fa\u00f1ez en 1926, sa construction a n\u00e9cessit\u00e9 1000 hommes.\" title=\"Seville. Designed in 1914 for the 1929 Ibero-American Exhibition by the architect An\u00edbal Gonz\u00e1lez and continued by Pedro S\u00e1nchez N\u00fa\u00f1ez in 1926, it took 1,000 men to build.\"><img loading=\"lazy\" decoding=\"async\" width=\"568\" height=\"768\" src=\"https:\/\/universvoyage.com\/wp-content\/uploads\/2023\/12\/3150268332012693504-Copier.jpg\" alt=\"Seville. Designed in 1914 for the 1929 Ibero-American Exhibition by the architect An\u00edbal Gonz\u00e1lez and continued by Pedro S\u00e1nchez N\u00fa\u00f1ez in 1926, it took 1,000 men to build. \" class=\"wp-image-4865\" srcset=\"https:\/\/universvoyage.com\/wp-content\/uploads\/2023\/12\/3150268332012693504-Copier.jpg 568w, https:\/\/universvoyage.com\/wp-content\/uploads\/2023\/12\/3150268332012693504-Copier-222x300.jpg 222w, https:\/\/universvoyage.com\/wp-content\/uploads\/2023\/12\/3150268332012693504-Copier-9x12.jpg 9w, https:\/\/universvoyage.com\/wp-content\/uploads\/2023\/12\/3150268332012693504-Copier-444x600.jpg 444w, https:\/\/universvoyage.com\/wp-content\/uploads\/2023\/12\/3150268332012693504-Copier-18x24.jpg 18w\" sizes=\"auto, (max-width: 568px) 100vw, 568px\" \/><\/a><figcaption class=\"wp-element-caption\"><em>Seville. Designed in 1914 for the 1929 Ibero-American Exhibition by the architect An\u00edbal Gonz\u00e1lez and continued by Pedro S\u00e1nchez N\u00fa\u00f1ez in 1926, 1,000 men were needed to build the Plaza de Espa\u00f1a. <\/em><\/figcaption><\/figure>\n<\/div>\n\n\n<p>Integrated into the park, the Spanish and American squares were created for the Ibero-American Exhibition in 1929-1930. The pavilions of the 20 participating countries have been preserved. Home to a rich variety of exotic and European plants, this park, with its many ponds and fountains, is a real delight.<\/p>\n\n\n\n<h2 class=\"wp-block-heading\" id=\"h-l-andalousie-en-bateau-nbsp-traditions-gastronomie-et-flamenco-sur-le-ms-belle-de-cadix\"><span class=\"ez-toc-section\" id=\"LAndalousie_en_bateau_traditions_gastronomie_et_flamenco_sur_le_MS_Belle_de_Cadix\"><\/span><strong>Andalusia by boat: traditions, gastronomy and flamenco<\/strong> <strong>on the MS Belle de Cadix<\/strong><span class=\"ez-toc-section-end\"><\/span><\/h2>\n\n\n<div class=\"wp-block-image\">\n<figure class=\"aligncenter size-large\"><a href=\"https:\/\/universvoyage.com\/wp-content\/uploads\/2023\/12\/belle-de-cadix-Copier.jpg\" data-rel=\"lightbox-image-17\" data-rl_title=\"La Belle de Cadix, navire de CroisiEurope navigue sur le Guadalquivir.\" data-rl_caption=\"La Belle de Cadix, navire de CroisiEurope navigue sur le Guadalquivir.\" title=\"The Belle de Cadix, a CroisiEurope ship, sails the Guadalquivir.\"><img loading=\"lazy\" decoding=\"async\" width=\"1024\" height=\"732\" src=\"https:\/\/universvoyage.com\/wp-content\/uploads\/2023\/12\/belle-de-cadix-Copier-1024x732.jpg\" alt=\"The Belle de Cadix, a CroisiEurope ship, sails the Guadalquivir.\" class=\"wp-image-4883\" srcset=\"https:\/\/universvoyage.com\/wp-content\/uploads\/2023\/12\/belle-de-cadix-Copier-1024x732.jpg 1024w, https:\/\/universvoyage.com\/wp-content\/uploads\/2023\/12\/belle-de-cadix-Copier-300x214.jpg 300w, https:\/\/universvoyage.com\/wp-content\/uploads\/2023\/12\/belle-de-cadix-Copier-768x549.jpg 768w, https:\/\/universvoyage.com\/wp-content\/uploads\/2023\/12\/belle-de-cadix-Copier-18x12.jpg 18w, https:\/\/universvoyage.com\/wp-content\/uploads\/2023\/12\/belle-de-cadix-Copier-600x429.jpg 600w, https:\/\/universvoyage.com\/wp-content\/uploads\/2023\/12\/belle-de-cadix-Copier-34x24.jpg 34w, https:\/\/universvoyage.com\/wp-content\/uploads\/2023\/12\/belle-de-cadix-Copier.jpg 1075w\" sizes=\"auto, (max-width: 1024px) 100vw, 1024px\" \/><\/a><figcaption class=\"wp-element-caption\"><em>The Belle de Cadix, a CroisiEurope ship, sails the Guadalquivir.<\/em><\/figcaption><\/figure>\n<\/div>\n\n\n<p>An eight-day cruise on the <strong>MS Belle de Cadix<\/strong> which will take you from Seville to Granada, Cordoba, Cadiz, Jerez and back. As soon as you embark, you'll be seduced by the charm and authenticity of this boat, with its well-kept d\u00e9cor and warm colours. You'll appreciate the spacious, well-equipped cabins, where you'll discover different horizons every day from your window. The MS Belle de Cadix is a French river cruise ship which sails on the Guadalquivir, the Guadiana and along the Atlantic coast. Built in 2005 and renovated in 2010, the Belle de Cadix is 110 m long and 11.4 m wide. She accommodates 178 passengers on 3 of her 4 decks. Her average speed is 15 knots.<br>Full-board cruise with drinks included. Special return flight Paris (or province) \/ Seville included. From \u20ac1,397. Children up to the age of 14 receive a discount of \u20ac30 % (subject to availability). <a href=\"https:\/\/www.croisieurope.com\/croisiere\/andalousie-traditions-gastronomie-flamenco-classique.\" target=\"_blank\" rel=\"noreferrer noopener\">https:\/\/www.croisieurope.com\/croisiere\/andalousie-traditions-gastronomie-flamenco-classique. <\/a>Information and bookings: <a href=\"mailto:info@croisieurope.com\">info@croisieurope.com<\/a> Indigo number: O825 33 777.<br><\/p>\n\n\n\n<h3 class=\"wp-block-heading\" id=\"h-sejourner\"><span class=\"ez-toc-section\" id=\"Sejourner\"><\/span><strong>Stay<\/strong><span class=\"ez-toc-section-end\"><\/span><\/h3>\n\n\n\n<p><a href=\"https:\/\/universvoyage.com\/en\/los-seises-sevilla-a-tribute-portfolio-hotel\/\">Hotel Los Seises Sevilla<\/a>a Tribute Portfolio Hotel from the Marriott group<br>Just a 5-minute walk from the Cathedral of Our Lady of the See of Seville and the Giralda in the Santa Cruz district, the hotel is located on the outskirts of Seville.&nbsp;<a href=\"https:\/\/www.marriott.com\/en-us\/hotels\/svqtx-los-seises-sevilla-a-tribute-portfolio-hotel\/overview\/\">Los Seises Sevilla<\/a>&nbsp;is located in the historic district of Santa Cruz. It occupies a 15th-century building and is part of the Archiepiscopal Palace.<\/p>\n\n\n\n<p><strong>Charming spirit at Las Casas del Rey de Baeza,<\/strong> A tastefully restored palace in an ideal location for strolling through the narrow streets of Santa Cruz. Bonus: its swimming pool perched high above the rooftops of Seville. <a href=\"https:\/\/www.hospes.com\/fr\/casas-rey-baeza\/\" target=\"_blank\" rel=\"noreferrer noopener\">https:\/\/www.hospes.com\/fr\/casas-rey-baeza\/<\/a><br><br><strong>Petit Palace Marqu\u00e9s de Santa Ana<\/strong>. Situated close to the Arena de la Maestranza, the cathedral and the Plaza Nueva (Town Hall Square) in the heart of the historic city centre, the hotel occupies a charming 19th-century Sevillian palace. The central patio is surrounded by a portico and a gallery that leads to the rooms. Very quiet location. C\/ Jimios, 9-11 - 41001 Sevilla<br>Tel. 00 34 954 221 812<br><a href=\"http:\/\/www.hthoteles.com\">http:\/\/www.hthoteles.com<\/a><br><br><strong>Flamenco Dance Museum<\/strong> and flamenco show - C\/ manuel Rojas Marcos, 3 - Tel. 954340311<br><a href=\"http:\/\/www.museoflamenco.com\">www.museoflamenco.com<\/a><\/p>\n\n\n<div class=\"wp-block-image\">\n<figure class=\"aligncenter size-full\"><a href=\"https:\/\/universvoyage.com\/wp-content\/uploads\/2023\/12\/B-Postel_Seville3-211-Copier.jpg\" data-rel=\"lightbox-image-18\" data-rl_title=\"S\u00e9ville. Danseuse de flamenco. Mus\u00e9e-\u00e9cole de Cristina Hoyos.\" data-rl_caption=\"S\u00e9ville. Danseuse de flamenco. Mus\u00e9e-\u00e9cole de Cristina Hoyos.\" title=\"Seville. Flamenco dancer. Museum-school of Cristina Hoyos.\"><img loading=\"lazy\" decoding=\"async\" width=\"512\" height=\"768\" src=\"https:\/\/universvoyage.com\/wp-content\/uploads\/2023\/12\/B-Postel_Seville3-211-Copier.jpg\" alt=\"Seville. Flamenco dancer. Museum-school of Cristina Hoyos.\" class=\"wp-image-4874\" srcset=\"https:\/\/universvoyage.com\/wp-content\/uploads\/2023\/12\/B-Postel_Seville3-211-Copier.jpg 512w, https:\/\/universvoyage.com\/wp-content\/uploads\/2023\/12\/B-Postel_Seville3-211-Copier-200x300.jpg 200w, https:\/\/universvoyage.com\/wp-content\/uploads\/2023\/12\/B-Postel_Seville3-211-Copier-8x12.jpg 8w, https:\/\/universvoyage.com\/wp-content\/uploads\/2023\/12\/B-Postel_Seville3-211-Copier-400x600.jpg 400w, https:\/\/universvoyage.com\/wp-content\/uploads\/2023\/12\/B-Postel_Seville3-211-Copier-16x24.jpg 16w\" sizes=\"auto, (max-width: 512px) 100vw, 512px\" \/><\/a><figcaption class=\"wp-element-caption\"><em>Seville. Flamenco dancer. Museum-school of Cristina Hoyos.<\/em><\/figcaption><\/figure>\n<\/div>\n\n\n<p><strong>Text : <\/strong>Brigitte Postel<\/p>\n\n\n\n<p><strong>Photos :<\/strong> Sylvain Grandadam and Brigitte Postel<\/p>","protected":false},"excerpt":{"rendered":"<p>Situated in the south of Spain, crossed by the Guadalquivir, the ancient oued el Kebir of the Moors that the navigator and discoverer of the New World once sailed along with his fleet, Seville is a unique combination of Mudejar elegance, Iberian joie de vivre and a fiery...<\/p>","protected":false},"author":5,"featured_media":4834,"comment_status":"open","ping_status":"open","sticky":true,"template":"","format":"standard","meta":{"footnotes":""},"categories":[178],"tags":[378,13,94,283,26,255,204,379],"class_list":["post-4831","post","type-post","status-publish","format-standard","has-post-thumbnail","hentry","category-espagne","tag-andalousie","tag-architecture","tag-art-de-vivre","tag-danse","tag-excursion","tag-histoire","tag-lifestyle","tag-palais"],"yoast_head":"<!-- This site is optimized with the Yoast SEO Premium plugin v27.5 (Yoast SEO v27.5) - https:\/\/yoast.com\/product\/yoast-seo-premium-wordpress\/ -->\n<title>S\u00e9ville, la belle Andalouse - Univers Voyage<\/title>\n<meta name=\"description\" content=\"S\u00e9ville conjugue l&#039;\u00e9l\u00e9gance mud\u00e9jare, la douceur de vivre ib\u00e9rique, la fougue des danseurs de flamenco et les spectacles de corridas.\" \/>\n<meta name=\"robots\" content=\"index, follow, max-snippet:-1, max-image-preview:large, max-video-preview:-1\" \/>\n<link rel=\"canonical\" href=\"https:\/\/universvoyage.com\/en\/seville-the-beautiful-andalusian-city\/\" \/>\n<meta property=\"og:locale\" content=\"en_GB\" \/>\n<meta property=\"og:type\" content=\"article\" \/>\n<meta property=\"og:title\" content=\"S\u00e9ville, la belle Andalouse\" \/>\n<meta property=\"og:description\" content=\"S\u00e9ville conjugue l&#039;\u00e9l\u00e9gance mud\u00e9jare, la douceur de vivre ib\u00e9rique, la fougue des danseurs de flamenco et les spectacles de corridas.\" \/>\n<meta property=\"og:url\" content=\"https:\/\/universvoyage.com\/en\/seville-the-beautiful-andalusian-city\/\" \/>\n<meta property=\"og:site_name\" content=\"Univers Voyage\" \/>\n<meta property=\"article:publisher\" content=\"https:\/\/www.facebook.com\/universvoyage\" \/>\n<meta property=\"article:published_time\" content=\"2023-12-06T15:34:30+00:00\" \/>\n<meta property=\"article:modified_time\" content=\"2026-02-07T15:23:04+00:00\" \/>\n<meta property=\"og:image\" content=\"https:\/\/universvoyage.com\/wp-content\/uploads\/2023\/12\/MG_7561-Copier.jpg\" \/>\n\t<meta property=\"og:image:width\" content=\"1152\" \/>\n\t<meta property=\"og:image:height\" content=\"768\" \/>\n\t<meta property=\"og:image:type\" content=\"image\/jpeg\" \/>\n<meta name=\"author\" content=\"Brigitte Postel\" \/>\n<meta name=\"twitter:card\" content=\"summary_large_image\" \/>\n<meta name=\"twitter:creator\" content=\"@UniversVoyage\" \/>\n<meta name=\"twitter:site\" content=\"@UniversVoyage\" \/>\n<meta name=\"twitter:label1\" content=\"Written by\" \/>\n\t<meta name=\"twitter:data1\" content=\"Brigitte Postel\" \/>\n\t<meta name=\"twitter:label2\" content=\"Estimated reading time\" \/>\n\t<meta name=\"twitter:data2\" content=\"14 minutes\" \/>\n<script type=\"application\/ld+json\" class=\"yoast-schema-graph\">{\"@context\":\"https:\\\/\\\/schema.org\",\"@graph\":[{\"@type\":\"Article\",\"@id\":\"https:\\\/\\\/universvoyage.com\\\/seville-la-belle-andalouse\\\/#article\",\"isPartOf\":{\"@id\":\"https:\\\/\\\/universvoyage.com\\\/seville-la-belle-andalouse\\\/\"},\"author\":{\"name\":\"Brigitte Postel\",\"@id\":\"https:\\\/\\\/universvoyage.com\\\/#\\\/schema\\\/person\\\/9ea4f1a62da34a53e6429c45a2c9a6a9\"},\"headline\":\"S\u00e9ville, la belle Andalouse\",\"datePublished\":\"2023-12-06T15:34:30+00:00\",\"dateModified\":\"2026-02-07T15:23:04+00:00\",\"mainEntityOfPage\":{\"@id\":\"https:\\\/\\\/universvoyage.com\\\/seville-la-belle-andalouse\\\/\"},\"wordCount\":2308,\"commentCount\":0,\"image\":{\"@id\":\"https:\\\/\\\/universvoyage.com\\\/seville-la-belle-andalouse\\\/#primaryimage\"},\"thumbnailUrl\":\"https:\\\/\\\/universvoyage.com\\\/wp-content\\\/uploads\\\/2023\\\/12\\\/MG_7561-Copier.jpg\",\"keywords\":[\"Andalousie\",\"Architecture\",\"Art de vivre\",\"Danse\",\"Excursion\",\"Histoire\",\"Lifestyle\",\"Palais\"],\"articleSection\":[\"Espagne\"],\"inLanguage\":\"en-GB\",\"potentialAction\":[{\"@type\":\"CommentAction\",\"name\":\"Comment\",\"target\":[\"https:\\\/\\\/universvoyage.com\\\/seville-la-belle-andalouse\\\/#respond\"]}]},{\"@type\":\"WebPage\",\"@id\":\"https:\\\/\\\/universvoyage.com\\\/seville-la-belle-andalouse\\\/\",\"url\":\"https:\\\/\\\/universvoyage.com\\\/seville-la-belle-andalouse\\\/\",\"name\":\"S\u00e9ville, la belle Andalouse - Univers Voyage\",\"isPartOf\":{\"@id\":\"https:\\\/\\\/universvoyage.com\\\/#website\"},\"primaryImageOfPage\":{\"@id\":\"https:\\\/\\\/universvoyage.com\\\/seville-la-belle-andalouse\\\/#primaryimage\"},\"image\":{\"@id\":\"https:\\\/\\\/universvoyage.com\\\/seville-la-belle-andalouse\\\/#primaryimage\"},\"thumbnailUrl\":\"https:\\\/\\\/universvoyage.com\\\/wp-content\\\/uploads\\\/2023\\\/12\\\/MG_7561-Copier.jpg\",\"datePublished\":\"2023-12-06T15:34:30+00:00\",\"dateModified\":\"2026-02-07T15:23:04+00:00\",\"author\":{\"@id\":\"https:\\\/\\\/universvoyage.com\\\/#\\\/schema\\\/person\\\/9ea4f1a62da34a53e6429c45a2c9a6a9\"},\"description\":\"S\u00e9ville conjugue l'\u00e9l\u00e9gance mud\u00e9jare, la douceur de vivre ib\u00e9rique, la fougue des danseurs de flamenco et les spectacles de corridas.\",\"breadcrumb\":{\"@id\":\"https:\\\/\\\/universvoyage.com\\\/seville-la-belle-andalouse\\\/#breadcrumb\"},\"inLanguage\":\"en-GB\",\"potentialAction\":[{\"@type\":\"ReadAction\",\"target\":[\"https:\\\/\\\/universvoyage.com\\\/seville-la-belle-andalouse\\\/\"]}]},{\"@type\":\"ImageObject\",\"inLanguage\":\"en-GB\",\"@id\":\"https:\\\/\\\/universvoyage.com\\\/seville-la-belle-andalouse\\\/#primaryimage\",\"url\":\"https:\\\/\\\/universvoyage.com\\\/wp-content\\\/uploads\\\/2023\\\/12\\\/MG_7561-Copier.jpg\",\"contentUrl\":\"https:\\\/\\\/universvoyage.com\\\/wp-content\\\/uploads\\\/2023\\\/12\\\/MG_7561-Copier.jpg\",\"width\":1152,\"height\":768},{\"@type\":\"BreadcrumbList\",\"@id\":\"https:\\\/\\\/universvoyage.com\\\/seville-la-belle-andalouse\\\/#breadcrumb\",\"itemListElement\":[{\"@type\":\"ListItem\",\"position\":1,\"name\":\"Accueil\",\"item\":\"https:\\\/\\\/universvoyage.com\\\/\"},{\"@type\":\"ListItem\",\"position\":2,\"name\":\"S\u00e9ville, la belle Andalouse\"}]},{\"@type\":\"WebSite\",\"@id\":\"https:\\\/\\\/universvoyage.com\\\/#website\",\"url\":\"https:\\\/\\\/universvoyage.com\\\/\",\"name\":\"Univers Voyage\",\"description\":\"\",\"potentialAction\":[{\"@type\":\"SearchAction\",\"target\":{\"@type\":\"EntryPoint\",\"urlTemplate\":\"https:\\\/\\\/universvoyage.com\\\/?s={search_term_string}\"},\"query-input\":{\"@type\":\"PropertyValueSpecification\",\"valueRequired\":true,\"valueName\":\"search_term_string\"}}],\"inLanguage\":\"en-GB\"},{\"@type\":\"Person\",\"@id\":\"https:\\\/\\\/universvoyage.com\\\/#\\\/schema\\\/person\\\/9ea4f1a62da34a53e6429c45a2c9a6a9\",\"name\":\"Brigitte Postel\",\"image\":{\"@type\":\"ImageObject\",\"inLanguage\":\"en-GB\",\"@id\":\"https:\\\/\\\/secure.gravatar.com\\\/avatar\\\/4dbe0adddb698bf59d1269a60e116822eaaad4a739a86af278cc7fbe45e66863?s=96&d=mm&r=g\",\"url\":\"https:\\\/\\\/secure.gravatar.com\\\/avatar\\\/4dbe0adddb698bf59d1269a60e116822eaaad4a739a86af278cc7fbe45e66863?s=96&d=mm&r=g\",\"contentUrl\":\"https:\\\/\\\/secure.gravatar.com\\\/avatar\\\/4dbe0adddb698bf59d1269a60e116822eaaad4a739a86af278cc7fbe45e66863?s=96&d=mm&r=g\",\"caption\":\"Brigitte Postel\"},\"sameAs\":[\"https:\\\/\\\/universvoyage.com\"],\"url\":\"https:\\\/\\\/universvoyage.com\\\/en\\\/author\\\/brigitte-postel\\\/\"}]}<\/script>\n<!-- \/ Yoast SEO Premium plugin. -->","yoast_head_json":{"title":"Seville, the beautiful Andalusia - Univers Voyage","description":"Seville combines Mudejar elegance, the Iberian way of life, the passion of flamenco dancers and bullfights.","robots":{"index":"index","follow":"follow","max-snippet":"max-snippet:-1","max-image-preview":"max-image-preview:large","max-video-preview":"max-video-preview:-1"},"canonical":"https:\/\/universvoyage.com\/en\/seville-the-beautiful-andalusian-city\/","og_locale":"en_GB","og_type":"article","og_title":"S\u00e9ville, la belle Andalouse","og_description":"S\u00e9ville conjugue l'\u00e9l\u00e9gance mud\u00e9jare, la douceur de vivre ib\u00e9rique, la fougue des danseurs de flamenco et les spectacles de corridas.","og_url":"https:\/\/universvoyage.com\/en\/seville-the-beautiful-andalusian-city\/","og_site_name":"Univers Voyage","article_publisher":"https:\/\/www.facebook.com\/universvoyage","article_published_time":"2023-12-06T15:34:30+00:00","article_modified_time":"2026-02-07T15:23:04+00:00","og_image":[{"width":1152,"height":768,"url":"https:\/\/universvoyage.com\/wp-content\/uploads\/2023\/12\/MG_7561-Copier.jpg","type":"image\/jpeg"}],"author":"Brigitte Postel","twitter_card":"summary_large_image","twitter_creator":"@UniversVoyage","twitter_site":"@UniversVoyage","twitter_misc":{"Written by":"Brigitte Postel","Estimated reading time":"14 minutes"},"schema":{"@context":"https:\/\/schema.org","@graph":[{"@type":"Article","@id":"https:\/\/universvoyage.com\/seville-la-belle-andalouse\/#article","isPartOf":{"@id":"https:\/\/universvoyage.com\/seville-la-belle-andalouse\/"},"author":{"name":"Brigitte Postel","@id":"https:\/\/universvoyage.com\/#\/schema\/person\/9ea4f1a62da34a53e6429c45a2c9a6a9"},"headline":"S\u00e9ville, la belle Andalouse","datePublished":"2023-12-06T15:34:30+00:00","dateModified":"2026-02-07T15:23:04+00:00","mainEntityOfPage":{"@id":"https:\/\/universvoyage.com\/seville-la-belle-andalouse\/"},"wordCount":2308,"commentCount":0,"image":{"@id":"https:\/\/universvoyage.com\/seville-la-belle-andalouse\/#primaryimage"},"thumbnailUrl":"https:\/\/universvoyage.com\/wp-content\/uploads\/2023\/12\/MG_7561-Copier.jpg","keywords":["Andalousie","Architecture","Art de vivre","Danse","Excursion","Histoire","Lifestyle","Palais"],"articleSection":["Espagne"],"inLanguage":"en-GB","potentialAction":[{"@type":"CommentAction","name":"Comment","target":["https:\/\/universvoyage.com\/seville-la-belle-andalouse\/#respond"]}]},{"@type":"WebPage","@id":"https:\/\/universvoyage.com\/seville-la-belle-andalouse\/","url":"https:\/\/universvoyage.com\/seville-la-belle-andalouse\/","name":"Seville, the beautiful Andalusia - Univers Voyage","isPartOf":{"@id":"https:\/\/universvoyage.com\/#website"},"primaryImageOfPage":{"@id":"https:\/\/universvoyage.com\/seville-la-belle-andalouse\/#primaryimage"},"image":{"@id":"https:\/\/universvoyage.com\/seville-la-belle-andalouse\/#primaryimage"},"thumbnailUrl":"https:\/\/universvoyage.com\/wp-content\/uploads\/2023\/12\/MG_7561-Copier.jpg","datePublished":"2023-12-06T15:34:30+00:00","dateModified":"2026-02-07T15:23:04+00:00","author":{"@id":"https:\/\/universvoyage.com\/#\/schema\/person\/9ea4f1a62da34a53e6429c45a2c9a6a9"},"description":"Seville combines Mudejar elegance, the Iberian way of life, the passion of flamenco dancers and bullfights.","breadcrumb":{"@id":"https:\/\/universvoyage.com\/seville-la-belle-andalouse\/#breadcrumb"},"inLanguage":"en-GB","potentialAction":[{"@type":"ReadAction","target":["https:\/\/universvoyage.com\/seville-la-belle-andalouse\/"]}]},{"@type":"ImageObject","inLanguage":"en-GB","@id":"https:\/\/universvoyage.com\/seville-la-belle-andalouse\/#primaryimage","url":"https:\/\/universvoyage.com\/wp-content\/uploads\/2023\/12\/MG_7561-Copier.jpg","contentUrl":"https:\/\/universvoyage.com\/wp-content\/uploads\/2023\/12\/MG_7561-Copier.jpg","width":1152,"height":768},{"@type":"BreadcrumbList","@id":"https:\/\/universvoyage.com\/seville-la-belle-andalouse\/#breadcrumb","itemListElement":[{"@type":"ListItem","position":1,"name":"Accueil","item":"https:\/\/universvoyage.com\/"},{"@type":"ListItem","position":2,"name":"S\u00e9ville, la belle Andalouse"}]},{"@type":"WebSite","@id":"https:\/\/universvoyage.com\/#website","url":"https:\/\/universvoyage.com\/","name":"Travel Universe","description":"","potentialAction":[{"@type":"SearchAction","target":{"@type":"EntryPoint","urlTemplate":"https:\/\/universvoyage.com\/?s={search_term_string}"},"query-input":{"@type":"PropertyValueSpecification","valueRequired":true,"valueName":"search_term_string"}}],"inLanguage":"en-GB"},{"@type":"Person","@id":"https:\/\/universvoyage.com\/#\/schema\/person\/9ea4f1a62da34a53e6429c45a2c9a6a9","name":"Brigitte Postel","image":{"@type":"ImageObject","inLanguage":"en-GB","@id":"https:\/\/secure.gravatar.com\/avatar\/4dbe0adddb698bf59d1269a60e116822eaaad4a739a86af278cc7fbe45e66863?s=96&d=mm&r=g","url":"https:\/\/secure.gravatar.com\/avatar\/4dbe0adddb698bf59d1269a60e116822eaaad4a739a86af278cc7fbe45e66863?s=96&d=mm&r=g","contentUrl":"https:\/\/secure.gravatar.com\/avatar\/4dbe0adddb698bf59d1269a60e116822eaaad4a739a86af278cc7fbe45e66863?s=96&d=mm&r=g","caption":"Brigitte Postel"},"sameAs":["https:\/\/universvoyage.com"],"url":"https:\/\/universvoyage.com\/en\/author\/brigitte-postel\/"}]}},"_links":{"self":[{"href":"https:\/\/universvoyage.com\/en\/wp-json\/wp\/v2\/posts\/4831","targetHints":{"allow":["GET"]}}],"collection":[{"href":"https:\/\/universvoyage.com\/en\/wp-json\/wp\/v2\/posts"}],"about":[{"href":"https:\/\/universvoyage.com\/en\/wp-json\/wp\/v2\/types\/post"}],"author":[{"embeddable":true,"href":"https:\/\/universvoyage.com\/en\/wp-json\/wp\/v2\/users\/5"}],"replies":[{"embeddable":true,"href":"https:\/\/universvoyage.com\/en\/wp-json\/wp\/v2\/comments?post=4831"}],"version-history":[{"count":3,"href":"https:\/\/universvoyage.com\/en\/wp-json\/wp\/v2\/posts\/4831\/revisions"}],"predecessor-version":[{"id":11640,"href":"https:\/\/universvoyage.com\/en\/wp-json\/wp\/v2\/posts\/4831\/revisions\/11640"}],"wp:featuredmedia":[{"embeddable":true,"href":"https:\/\/universvoyage.com\/en\/wp-json\/wp\/v2\/media\/4834"}],"wp:attachment":[{"href":"https:\/\/universvoyage.com\/en\/wp-json\/wp\/v2\/media?parent=4831"}],"wp:term":[{"taxonomy":"category","embeddable":true,"href":"https:\/\/universvoyage.com\/en\/wp-json\/wp\/v2\/categories?post=4831"},{"taxonomy":"post_tag","embeddable":true,"href":"https:\/\/universvoyage.com\/en\/wp-json\/wp\/v2\/tags?post=4831"}],"curies":[{"name":"wp","href":"https:\/\/api.w.org\/{rel}","templated":true}]}}